{"id":44,"date":"2014-08-24T20:06:00","date_gmt":"2014-08-24T18:06:00","guid":{"rendered":"http:\/\/www.bindannmalveg.de\/blog\/und-dann-hat-er-eine-banane-aus-dem-autofenster-gehalten\/"},"modified":"2015-03-02T16:28:34","modified_gmt":"2015-03-02T15:28:34","slug":"veganvoices-alina","status":"publish","type":"post","link":"http:\/\/www.bindannmalveg.de\/blog\/veganvoices-alina\/","title":{"rendered":"Vegan Voices: Und dann hat er eine Banane aus dem Autofenster gehalten"},"content":{"rendered":"<p>Ich lese selbst immer lieber pers\u00f6nliche Erlebnisse statt trockene Reisef\u00fchrer ohne pers\u00f6nliche Note. Daher kam mir einiger Zeit die Idee Interviews f\u00fcr meinen Blog durchzuf\u00fchren. Diese sollen nat\u00fcrlich passend zum Thema sein, daher stelle ich Fragen an Veganer oder Vegetarier. Zum einen an Veganer, die gerade auf Reisen sind und etwas \u00fcber ihre Erlebnisse berichten und zum anderen an Veganer, die im Ausland wohnen und somit nochmal einen anderen Blick auf das Land haben.<\/p>\n<p>Beginnen m\u00f6chte ich heute mit einem Interview mit der deutschen Studentin Alina, die zwei Wochen in Italien verbracht hat und dort verschiedene Orte kennengelernt hat. Vielen lieben Dank Alina :)<!--more--><br \/>\n<b><br \/>\n<\/b><b>Hallo Alina,\u00a0<\/b><b>sch\u00f6n, dass du dir Zeit f\u00fcr das Interview nimmst :) Du bist zwei Wochen durch Italien gereist und hast viele verschiedene Menschen kennengelernt. Wie w\u00fcrdest du die Italiener beschreiben?<\/b><br \/>\nDie Italiener sind sehr offenherzig, total hilfsbereit, gastfreundlich und super lieb :) Es war wirklich toll, \u00fcberall so herzlich aufgenommen zu werden!<\/p>\n<p><b>Was gef\u00e4llt dir an Italien am besten?<\/b><br \/>\nIch liebe die Menschen, die lockere Einstellung der S\u00fcditaliener, die Atmosph\u00e4re und die atemberaubende Sch\u00f6nheit der Natur!<\/p>\n<p><b>Hast du einen Lieblingsort in Italien den du anderen Reisenden empfehlen w\u00fcrdest? Wenn ja, welchen und wieso?<\/b><br \/>\nJaaaaa, Polignano hat mir super gut gefallen, ich war wirklich \u00fcberw\u00e4ltigt von diesem sch\u00f6nen Ort und dem kleinen Steinstrand zwischen den Felsen, den kleinen H\u00f6hlen \u00fcberall und der paradiesischen Landschaft! Au\u00dferdem ist der Gargano Nationalpark wirklich wundersch\u00f6n, man sollte nur mit dem Auto unterwegs sein, weil man zu den sch\u00f6nsten Stellen leider sonst nicht so gut hinkommt. Und Fahrrad fahren kann echt zu einer sportlichen Aktivit\u00e4t werden, die sehr viel Kraft und Ausdauer erfordert =D Auch der Vesuvio mit seiner tollen Aussicht und die Amalfi Wasserf\u00e4lle sind absolut sehenswert!<\/p>\n<p><b>Gibt es ein Reiseerlebnis, was dir sicher noch sehr lange im Ged\u00e4chtnis bleiben wird?<\/b><br \/>\nJaaaa, als wir in Manfredonia ankamen, haben wir so einen s\u00fc\u00dfen Opi nach dem Weg gefragt, weil wir nicht wussten, wie wir vom Bahnhof zur Wohnung unseres Couchsurfing-Gastgebers kommen, und statt uns die ungef\u00e4hre Richtung zu zeigen, ist er kurzerhand mit uns gekommen und hat uns bis zur Haust\u00fcr gef\u00fchrt, weil er sichergehen wollte, dass wir den Weg auch finden. Als wir festgestellt haben, dass keiner da ist (weil wir ungl\u00fccklicherweise bei dem Haus daneben geklopft haben), kam er sogar nochmal zur\u00fcck und wollte uns weiterhelfen und hat sein Handy ausgepackt, der war richtig lieb :) Und danach auf dem Weg zum Strand hat einer eine Banane aus seinem Autofenster gehalten und sie uns angeboten, wir m\u00fcssen sehr hungrig ausgesehen haben =D<br \/>\nDas nur stellvertretend f\u00fcr die Hilfsbereitschaft, F\u00fcrsorge und Gastfreundlichkeit der Italiener. Mir wird diese ganze Reise mit ihren wunderbaren Erfahrungen, tollen Erlebnissen, der paradiesischen Landschaft und den netten Menschen und Gespr\u00e4chen immer im Ged\u00e4chtnis bleiben!<\/p>\n<p><b>Du bist auch Veganerin. Seit wann bist du Veganerin und wie bist du darauf gekommen?<\/b><br \/>\nIch ern\u00e4hre mich seit dem 1. Januar 2013 vegan, das war also der gute Vorsatz f\u00fcr&#8217;s neue Jahr =p Ich habe mich schon l\u00e4nger mit dem Thema besch\u00e4ftigt, habe auch viel vegan gegessen und gekocht und irgendwann beschlossen, dass ich mich ausschlie\u00dflich vegan ern\u00e4hren m\u00f6chte. Ich wollte im neuen Jahr dann vegan fasten und habe es beibehalten, weil es mir \u00fcberhaupt nicht schwer fiel und es sich gut angef\u00fchlt hat, und jetzt kann ich mir nichts anderes mehr f\u00fcr mich vorstellen.<\/p>\n<p><b>War es f\u00fcr dich schwer dich auf deiner Reise vegan zu ern\u00e4hren?<\/b><br \/>\nNein, eigentlich nicht, man muss sich nur an die Siesta Time und die geschlossenen Superm\u00e4rkte gew\u00f6hnen und zur richtigen Zeit einkaufen gehen =D Nat\u00fcrlich war es nicht so leicht, wie zu Hause, weil ich hier schon meine Standard-Produkte kaufe und wei\u00df, in welche Restaurants ich gehen kann, man muss sich da nat\u00fcrlich immer wieder neu dran gew\u00f6hnen.<\/p>\n<p><b>Hast du noch einen Tipp den du anderen veganen Reisenden geben w\u00fcrdest?<\/b><br \/>\nHmmm, k\u00fcmmert euch rechtzeitig um die Unterkunft =D<\/p>\n<div id=\"attachment_1455\" style=\"width: 294px\" class=\"wp-caption aligncenter\"><a class=\"boxer\" href=\"http:\/\/www.bindannmalveg.de\/blog\/wp-content\/uploads\/2014\/08\/VeganVoicesAlina.jpg\"><img aria-describedby=\"caption-attachment-1455\" decoding=\"async\" loading=\"lazy\" class=\"wp-image-1455 size-medium\" src=\"http:\/\/www.bindannmalveg.de\/blog\/wp-content\/uploads\/2014\/08\/VeganVoicesAlina-284x450.jpg\" alt=\"VeganVoicesAlina\" width=\"284\" height=\"450\" srcset=\"http:\/\/www.bindannmalveg.de\/blog\/wp-content\/uploads\/2014\/08\/VeganVoicesAlina-284x450.jpg 284w, http:\/\/www.bindannmalveg.de\/blog\/wp-content\/uploads\/2014\/08\/VeganVoicesAlina-95x150.jpg 95w, http:\/\/www.bindannmalveg.de\/blog\/wp-content\/uploads\/2014\/08\/VeganVoicesAlina.jpg 526w\" sizes=\"(max-width: 284px) 100vw, 284px\" \/><\/a><p id=\"caption-attachment-1455\" class=\"wp-caption-text\">Alina (20) reiste 2 Wochen durch Italien<\/p><\/div>\n<p>&nbsp;<\/p>\n<div style=\"clear: both; text-align: center;\"><\/div>\n","protected":false},"excerpt":{"rendered":"<p>Ich lese selbst immer lieber pers\u00f6nliche Erlebnisse statt trockene Reisef\u00fchrer ohne pers\u00f6nliche Note. Daher kam mir einiger Zeit die Idee Interviews f\u00fcr meinen Blog durchzuf\u00fchren. Diese sollen nat\u00fcrlich passend zum Thema sein, daher stelle ich Fragen an Veganer oder Vegetarier. Zum einen an Veganer, die gerade auf Reisen sind und etwas \u00fcber ihre Erlebnisse berichten&nbsp;&hellip;<\/p>\n","protected":false},"author":1,"featured_media":1472,"comment_status":"open","ping_status":"open","sticky":false,"template":"","format":"standard","meta":[],"categories":[118],"tags":[9,60,11,12,114,164],"_links":{"self":[{"href":"http:\/\/www.bindannmalveg.de\/blog\/wp-json\/wp\/v2\/posts\/44"}],"collection":[{"href":"http:\/\/www.bindannmalveg.de\/blog\/wp-json\/wp\/v2\/posts"}],"about":[{"href":"http:\/\/www.bindannmalveg.de\/blog\/wp-json\/wp\/v2\/types\/post"}],"author":[{"embeddable":true,"href":"http:\/\/www.bindannmalveg.de\/blog\/wp-json\/wp\/v2\/users\/1"}],"replies":[{"embeddable":true,"href":"http:\/\/www.bindannmalveg.de\/blog\/wp-json\/wp\/v2\/comments?post=44"}],"version-history":[{"count":6,"href":"http:\/\/www.bindannmalveg.de\/blog\/wp-json\/wp\/v2\/posts\/44\/revisions"}],"predecessor-version":[{"id":1456,"href":"http:\/\/www.bindannmalveg.de\/blog\/wp-json\/wp\/v2\/posts\/44\/revisions\/1456"}],"wp:featuredmedia":[{"embeddable":true,"href":"http:\/\/www.bindannmalveg.de\/blog\/wp-json\/wp\/v2\/media\/1472"}],"wp:attachment":[{"href":"http:\/\/www.bindannmalveg.de\/blog\/wp-json\/wp\/v2\/media?parent=44"}],"wp:term":[{"taxonomy":"category","embeddable":true,"href":"http:\/\/www.bindannmalveg.de\/blog\/wp-json\/wp\/v2\/categories?post=44"},{"taxonomy":"post_tag","embeddable":true,"href":"http:\/\/www.bindannmalveg.de\/blog\/wp-json\/wp\/v2\/tags?post=44"}],"curies":[{"name":"wp","href":"https:\/\/api.w.org\/{rel}","templated":true}]}}