{"id":50,"date":"2014-08-12T16:30:00","date_gmt":"2014-08-12T14:30:00","guid":{"rendered":"http:\/\/www.bindannmalveg.de\/blog\/auf-zu-deutschlands-groesstem-veganen-strassenfest-vegan-street-day-dortmund\/"},"modified":"2014-11-11T11:28:22","modified_gmt":"2014-11-11T08:28:22","slug":"vegan-street-day-dortmund","status":"publish","type":"post","link":"http:\/\/www.bindannmalveg.de\/blog\/vegan-street-day-dortmund\/","title":{"rendered":"Auf zu Deutschlands gr\u00f6\u00dftem veganen Stra\u00dfenfest: Vegan Street Day Dortmund"},"content":{"rendered":"<p>Am 9. August (Samstag) war es auch in Dortmund wieder soweit: Der Vegan Street Day ruft. Er findet seit 2006 j\u00e4hrlich in Dortmund statt und <a title=\"Immer eine Reise wert: Der Vegan Street Day\" href=\"http:\/\/www.bindannmalveg.de\/blog\/vegan-street-day-stuttgart\/\" target=\"_blank\">seit 2010 ebenfalls j\u00e4hrlich in Stuttgart<\/a>.<\/p>\n<p>Der Vegan Street Day ist f\u00fcr Interessierte eine super Gelegenheit mehr \u00fcber die vegane Lebensweise und die vegane Ern\u00e4hrung zu erfahren. Neben zahlreichen Infost\u00e4nden von zum Beispiel <a href=\"http:\/\/www.animalequality.de\/\">Animal Equality<\/a>, <a href=\"http:\/\/www.ariwa.org\/\">ARIWA <\/a>und vielen weiteren Organisationen sowie vielen M\u00f6glichkeiten zum Erwerb von veganer, fairgehandelter Kleidung und anderen Produkten, gab es nat\u00fcrlich auch zahlreiche St\u00e4nde an denen probiert werden kann. Je fr\u00fcher ihr kommst, desto gr\u00f6\u00dfer ist die Chance riesigen Schlangen zu entgehen ;)<\/p>\n<p><!--more--><\/p>\n<table style=\"margin-left: auto; margin-right: auto; text-align: center;\" cellspacing=\"0\" cellpadding=\"0\" align=\"center\">\n<tbody>\n<tr>\n<td style=\"text-align: center;\"><a style=\"margin-left: auto; margin-right: auto;\" href=\"http:\/\/www.bindannmalveg.de\/blog\/wp-content\/uploads\/2014\/08\/Warteschlange.jpg\"><img decoding=\"async\" loading=\"lazy\" src=\"http:\/\/www.bindannmalveg.de\/blog\/wp-content\/uploads\/2014\/08\/Warteschlange.jpg\" alt=\"\" width=\"400\" height=\"300\" border=\"0\" \/><\/a><\/td>\n<\/tr>\n<tr>\n<td style=\"text-align: center;\">Besonders beliebt: Krawummel aus M\u00fcnster<\/td>\n<\/tr>\n<\/tbody>\n<\/table>\n<table style=\"margin-left: auto; margin-right: auto; text-align: center;\" cellspacing=\"0\" cellpadding=\"0\" align=\"center\">\n<tbody>\n<tr>\n<td style=\"text-align: center;\"><a style=\"margin-left: auto; margin-right: auto;\" href=\"http:\/\/www.bindannmalveg.de\/blog\/wp-content\/uploads\/2014\/08\/Probieren.jpg\"><img decoding=\"async\" loading=\"lazy\" src=\"http:\/\/www.bindannmalveg.de\/blog\/wp-content\/uploads\/2014\/08\/Probieren.jpg\" alt=\"\" width=\"400\" height=\"300\" border=\"0\" \/><\/a><\/td>\n<\/tr>\n<tr>\n<td style=\"text-align: center;\">Probieren geht \u00fcber studieren&#8230;<\/td>\n<\/tr>\n<\/tbody>\n<\/table>\n<div style=\"clear: both; text-align: center;\"><\/div>\n<div style=\"clear: both; text-align: center;\"><a style=\"margin-left: 1em; margin-right: 1em;\" href=\"http:\/\/www.bindannmalveg.de\/blog\/wp-content\/uploads\/2014\/08\/Pralinen.jpg\"><img decoding=\"async\" loading=\"lazy\" src=\"http:\/\/www.bindannmalveg.de\/blog\/wp-content\/uploads\/2014\/08\/Pralinen.jpg\" alt=\"\" width=\"400\" height=\"300\" border=\"0\" \/><\/a><\/div>\n<div style=\"clear: both; text-align: center;\"><\/div>\n<p>Nachmittags begeisterten die beiden T\u00e4nzerinnen von &#8220;Fuego de las Verduras&#8221; das Publikum. Die T\u00e4nzerin <a href=\"http:\/\/flamenquita-veganita.jimdo.com\/\">Flamenquita Veganita<\/a> ist beispielsweise schon seit 2009 Veganerin und tritt seitdem auch als Flamenco-T\u00e4nzerin (vorwiegend auf veganen) Festen auf. Durch den Flamenco hat sie sich in die spanische Region Andalusien verliebt und besucht dort regelm\u00e4\u00dfig Flamencokurse.<\/p>\n<table style=\"margin-left: auto; margin-right: auto; text-align: center;\" cellspacing=\"0\" cellpadding=\"0\" align=\"center\">\n<tbody>\n<tr>\n<td style=\"text-align: center;\"><a style=\"margin-left: auto; margin-right: auto;\" href=\"http:\/\/www.bindannmalveg.de\/blog\/wp-content\/uploads\/2014\/08\/Flamenco.jpg\"><img decoding=\"async\" loading=\"lazy\" src=\"http:\/\/www.bindannmalveg.de\/blog\/wp-content\/uploads\/2014\/08\/Flamenco.jpg\" alt=\"\" width=\"300\" height=\"400\" border=\"0\" \/><\/a><\/td>\n<\/tr>\n<tr>\n<td style=\"text-align: center;\">Flamenquita Veganita in action ;)<\/td>\n<\/tr>\n<\/tbody>\n<\/table>\n<p>Es folgen Kochshows, Musik und Interviews.<\/p>\n<p>Au\u00dferdem gab es bei der Tombola des Vegan Street Days tolle Preise zu gewinnen: Neben vielen tollen B\u00fcchern, S\u00fc\u00dfigkeiten &amp; Herzhaftem, Ketten und vielen anderen Preisen, wartete ein Vitamix als Hauptgewinn. (F\u00fcr die Unwissenden: Ein Vitamix ist ein Profi-Standmixer im Wert von \u00fcber 600 \u20ac.) Wer mittags an der Tombola war, k\u00f6nnte mich gesehen haben, da ich dort geholfen habe :)<\/p>\n<p>Weiterhin gab es ein Infozelt mit abwechslungsreichen Vortr\u00e4gen mit Themen wie zum Beispiel &#8220;100 % vegan &#8211; wie vegan lebst du wirklich&#8221; von Mark Pierschel (von <a href=\"http:\/\/www.rootsofcompassion.org\/\">Roots of Compassion<\/a>), &#8220;Vegane Ern\u00e4hrung &#8211; Mythen und Fakten&#8221; oder auch ein Vortrag zum Grundgedanken der Tierrechts- und Tierbefreiungsbewegung. Ich habe mir drei Vortr\u00e4ge angeh\u00f6rt, der eine mal mehr interessant gestaltet, der eine eher weniger ;)<\/p>\n<div style=\"clear: both; text-align: center;\"><a style=\"margin-left: 1em; margin-right: 1em;\" href=\"http:\/\/www.bindannmalveg.de\/blog\/wp-content\/uploads\/2014\/08\/Vortrag.jpg\"><img decoding=\"async\" loading=\"lazy\" src=\"http:\/\/www.bindannmalveg.de\/blog\/wp-content\/uploads\/2014\/08\/Vortrag.jpg\" alt=\"\" width=\"400\" height=\"300\" border=\"0\" \/><\/a><\/div>\n<div style=\"clear: both; text-align: center;\"><a href=\"http:\/\/www.bindannmalveg.de\/blog\/wp-content\/uploads\/2014\/08\/Infomaterial.jpg\"><img decoding=\"async\" loading=\"lazy\" src=\"http:\/\/www.bindannmalveg.de\/blog\/wp-content\/uploads\/2014\/08\/Infomaterial.jpg\" alt=\"\" width=\"400\" height=\"266\" border=\"0\" \/><\/a><\/div>\n<p>Aber nicht nur f\u00fcr die Erwachsenen wurde gesorgt, Kinder kommen auch nicht zu kurz. Malen, basteln, sich auf der H\u00fcpfburg austoben oder das Gesicht mit Kinderschminke verzaubern lassen war m\u00f6glich. Das Vorurteil, dass vegane Kinder ungl\u00fccklicher sind, sich nicht bewegen usw. wurde hier also absolut nicht best\u00e4tigt ;)<\/p>\n<div style=\"clear: both; text-align: center;\"><a style=\"margin-left: 1em; margin-right: 1em;\" href=\"http:\/\/www.bindannmalveg.de\/blog\/wp-content\/uploads\/2014\/08\/Kinderbereich.jpg\"><img decoding=\"async\" loading=\"lazy\" src=\"http:\/\/www.bindannmalveg.de\/blog\/wp-content\/uploads\/2014\/08\/Kinderbereich.jpg\" alt=\"\" width=\"400\" height=\"300\" border=\"0\" \/><\/a><\/div>\n<p>Neben dem Informieren und Probieren bietet der Vegan Street Day auch eine Plattform, um sich auszutauschen und in Kontakt zu kommen. F\u00fcr mich war es der zweite Vegan Street Day und der erste in Dortmund. Insgesamt ein durch und durch gut organisiertes Fest, was ohne die vielen ehrenamtlichen Helfer und Organisatoren gar nicht m\u00f6glich w\u00e4re. Ein Besuch lohnt sich, egal ob Veganer, Vegetarier oder Fleischesser!<\/p>\n","protected":false},"excerpt":{"rendered":"<p>Am 9. August (Samstag) war es auch in Dortmund wieder soweit: Der Vegan Street Day ruft. Er findet seit 2006 j\u00e4hrlich in Dortmund statt und seit 2010 ebenfalls j\u00e4hrlich in Stuttgart. Der Vegan Street Day ist f\u00fcr Interessierte eine super Gelegenheit mehr \u00fcber die vegane Lebensweise und die vegane Ern\u00e4hrung zu erfahren. Neben zahlreichen Infost\u00e4nden&nbsp;&hellip;<\/p>\n","protected":false},"author":1,"featured_media":127,"comment_status":"open","ping_status":"open","sticky":false,"template":"","format":"standard","meta":[],"categories":[126],"tags":[52,69,114,127,68],"_links":{"self":[{"href":"http:\/\/www.bindannmalveg.de\/blog\/wp-json\/wp\/v2\/posts\/50"}],"collection":[{"href":"http:\/\/www.bindannmalveg.de\/blog\/wp-json\/wp\/v2\/posts"}],"about":[{"href":"http:\/\/www.bindannmalveg.de\/blog\/wp-json\/wp\/v2\/types\/post"}],"author":[{"embeddable":true,"href":"http:\/\/www.bindannmalveg.de\/blog\/wp-json\/wp\/v2\/users\/1"}],"replies":[{"embeddable":true,"href":"http:\/\/www.bindannmalveg.de\/blog\/wp-json\/wp\/v2\/comments?post=50"}],"version-history":[{"count":4,"href":"http:\/\/www.bindannmalveg.de\/blog\/wp-json\/wp\/v2\/posts\/50\/revisions"}],"predecessor-version":[{"id":790,"href":"http:\/\/www.bindannmalveg.de\/blog\/wp-json\/wp\/v2\/posts\/50\/revisions\/790"}],"wp:featuredmedia":[{"embeddable":true,"href":"http:\/\/www.bindannmalveg.de\/blog\/wp-json\/wp\/v2\/media\/127"}],"wp:attachment":[{"href":"http:\/\/www.bindannmalveg.de\/blog\/wp-json\/wp\/v2\/media?parent=50"}],"wp:term":[{"taxonomy":"category","embeddable":true,"href":"http:\/\/www.bindannmalveg.de\/blog\/wp-json\/wp\/v2\/categories?post=50"},{"taxonomy":"post_tag","embeddable":true,"href":"http:\/\/www.bindannmalveg.de\/blog\/wp-json\/wp\/v2\/tags?post=50"}],"curies":[{"name":"wp","href":"https:\/\/api.w.org\/{rel}","templated":true}]}}