{"id":552,"date":"2014-11-03T22:42:55","date_gmt":"2014-11-03T19:42:55","guid":{"rendered":"http:\/\/www.bindannmalveg.de\/blog\/?p=552"},"modified":"2014-11-11T11:13:32","modified_gmt":"2014-11-11T08:13:32","slug":"estlands-taimetoidumess","status":"publish","type":"post","link":"http:\/\/www.bindannmalveg.de\/blog\/estlands-taimetoidumess\/","title":{"rendered":"Estlands Taimetoidumess"},"content":{"rendered":"<p>So, zur\u00fcck von der Taimetoidumess. <em>Wie bitte?<\/em> Okay, das Wort Messe kann man vielleicht noch rauslesen. Aber Toimetoi\u2026 was?<\/p>\n<p>Wer von euch das <a title=\"Ein Besuch bei \u201cTaimetoitlane\u201d Therese in Estland\" href=\"http:\/\/www.bindannmalveg.de\/blog\/therese-interview\/\" target=\"_blank\">Interview mit Therese<\/a>\u00a0(die \u00fcbrigens auch dort anzutreffen war) aufmerksam gelesen hat oder Estnisch kann, wird es verstehen. Aber da ich mal stark davon ausgehe, dass die wenigsten von euch diese Sprache beherrschen, hier die Aufl\u00f6sung:<\/p>\n<p><!--more--><\/p>\n<p>Die Taimetoidumess wird auch Vegan Fair genannt = Vegane Messe. Dabei handelt es sich um die gr\u00f6\u00dfte vegane Veranstaltung der drei baltischen Staaten. Die Messe findet seit 2011 jedes Jahr am 1. November, dem Weltvegantag, in wechselnden Einkaufszentren in Tallinn statt.<\/p>\n<p><a class=\"boxer\" href=\"http:\/\/www.bindannmalveg.de\/blog\/wp-content\/uploads\/2014\/11\/Plakat.jpg\"><img decoding=\"async\" loading=\"lazy\" class=\"aligncenter wp-image-553 size-medium\" src=\"http:\/\/www.bindannmalveg.de\/blog\/wp-content\/uploads\/2014\/11\/Plakat-225x300.jpg\" alt=\"PlakatToimetoidumess\" width=\"225\" height=\"300\" srcset=\"http:\/\/www.bindannmalveg.de\/blog\/wp-content\/uploads\/2014\/11\/Plakat-225x300.jpg 225w, http:\/\/www.bindannmalveg.de\/blog\/wp-content\/uploads\/2014\/11\/Plakat-112x150.jpg 112w, http:\/\/www.bindannmalveg.de\/blog\/wp-content\/uploads\/2014\/11\/Plakat-918x1224.jpg 918w, http:\/\/www.bindannmalveg.de\/blog\/wp-content\/uploads\/2014\/11\/Plakat.jpg 1080w\" sizes=\"(max-width: 225px) 100vw, 225px\" \/><\/a><\/p>\n<p>Und da sowieso schon fest geplant war w\u00e4hrend meines Auslandssemesters in Riga mal ins Nachbarland Estland zu fahren, war das nat\u00fcrlich die perfekte Gelegenheit :) Wobei ich sagen muss, dass ich auch erst relativ sp\u00e4t von der Messe erfahren habe. Als ich n\u00e4mlich mal wieder ein wenig f\u00fcr meinen <a href=\"http:\/\/www.bindannmalveg.de\/blog\/vegan-event-guide\/\">Vegan Event Guide<\/a>\u00a0recherchiert habe, habe ich keinerlei Veranstaltungen in Litauen, Lettland und Estland gefunden. Klar, nach Taimetoidumess zu googlen ist mir auch nicht in den Sinn gekommen.<\/p>\n<p>Umso \u00fcberraschter war ich dann, als Facebook mir die Veranstaltung vorgeschlagen hat und ich herausbekommen habe, worum es sich handelt. Und dann findet die Veranstaltung auch noch Ende des Jahres statt, normalerweise findet man solche Feste eher in der Sommerzeit. Aber umso besser f\u00fcr mich :)<\/p>\n<p>Also auf nach Tallinn zur Taimetoidumess! (Die Aussprache ist \u00fcbrigens im Estnischen recht simpel: Ziemlich so, wie es auch geschrieben wird :)).<\/p>\n<p>Da ich gerne auch etwas zum Gelingen der Veranstaltung beitragen wollte, wendete ich mich an Annika, eine der Hauptorganisatoren. Und so konnte man mich dann schon fr\u00fch morgens beim Tischer\u00fccken, Aufbauen und sp\u00e4ter beim Flyer verteilen entdecken. Ja, man kann auch (sehr gut) Flyer verteilen, wenn man nur ein estnisches Wort (<em>Tere<\/em> = Hallo) kann =D<\/p>\n<div id=\"attachment_555\" style=\"width: 460px\" class=\"wp-caption aligncenter\"><img aria-describedby=\"caption-attachment-555\" decoding=\"async\" loading=\"lazy\" class=\"wp-image-555\" src=\"http:\/\/www.bindannmalveg.de\/blog\/wp-content\/uploads\/2014\/11\/Aufbauen-300x225.jpg\" alt=\"Aufbauen Taimetoidumess\" width=\"450\" height=\"338\" srcset=\"http:\/\/www.bindannmalveg.de\/blog\/wp-content\/uploads\/2014\/11\/Aufbauen-300x225.jpg 300w, http:\/\/www.bindannmalveg.de\/blog\/wp-content\/uploads\/2014\/11\/Aufbauen-150x112.jpg 150w, http:\/\/www.bindannmalveg.de\/blog\/wp-content\/uploads\/2014\/11\/Aufbauen-1224x917.jpg 1224w, http:\/\/www.bindannmalveg.de\/blog\/wp-content\/uploads\/2014\/11\/Aufbauen.jpg 1920w\" sizes=\"(max-width: 450px) 100vw, 450px\" \/><p id=\"caption-attachment-555\" class=\"wp-caption-text\">Nach der ersten Stunde aufbauen, waren die Tische mehr oder weniger f\u00fcr die Aussteller bereit<\/p><\/div>\n<div id=\"attachment_568\" style=\"width: 460px\" class=\"wp-caption aligncenter\"><a class=\"boxer\" href=\"http:\/\/www.bindannmalveg.de\/blog\/wp-content\/uploads\/2014\/11\/GruppenfotoTaimetoidumess.jpg\"><img aria-describedby=\"caption-attachment-568\" decoding=\"async\" loading=\"lazy\" class=\"wp-image-568\" src=\"http:\/\/www.bindannmalveg.de\/blog\/wp-content\/uploads\/2014\/11\/GruppenfotoTaimetoidumess-1224x816.jpg\" alt=\"GruppenfotoTaimetoidumess\" width=\"450\" height=\"300\" srcset=\"http:\/\/www.bindannmalveg.de\/blog\/wp-content\/uploads\/2014\/11\/GruppenfotoTaimetoidumess-1224x816.jpg 1224w, http:\/\/www.bindannmalveg.de\/blog\/wp-content\/uploads\/2014\/11\/GruppenfotoTaimetoidumess-150x100.jpg 150w, http:\/\/www.bindannmalveg.de\/blog\/wp-content\/uploads\/2014\/11\/GruppenfotoTaimetoidumess-300x200.jpg 300w, http:\/\/www.bindannmalveg.de\/blog\/wp-content\/uploads\/2014\/11\/GruppenfotoTaimetoidumess.jpg 2025w\" sizes=\"(max-width: 450px) 100vw, 450px\" \/><\/a><p id=\"caption-attachment-568\" class=\"wp-caption-text\">Organisatoren &amp; Helfer<\/p><\/div>\n<p>Trotzdem gab es aber auch noch genug Zeit um die Messe zu erkunden. Und meine Sorge, dass ich zu gro\u00dfe Erwartungen habe und die Messe am Ende nur winzig klein ist, waren total unbegr\u00fcndet. Insgesamt waren 66 St\u00e4nde zu finden, darunter beispielsweise LOOMUS, eine Organisation die sich gegen Pelz einsetzt, weitere estnische Tierschutzorganisationen, Kosmetikprodukte, Schmuck und nat\u00fcrlich ganz, ganz viel ESSEN! Hier nur einige Fotos, um einen Eindruck zu bekommen:<\/p>\n<div id=\"attachment_556\" style=\"width: 460px\" class=\"wp-caption aligncenter\"><a class=\"boxer\" title=\"Kommt \u00fcberzeugend r\u00fcber: Der Feel Good Stand\" href=\"http:\/\/www.bindannmalveg.de\/blog\/wp-content\/uploads\/2014\/11\/GoodMoodFood.jpg\"><img aria-describedby=\"caption-attachment-556\" decoding=\"async\" loading=\"lazy\" class=\"wp-image-556\" src=\"http:\/\/www.bindannmalveg.de\/blog\/wp-content\/uploads\/2014\/11\/GoodMoodFood-918x1224.jpg\" alt=\"Kommt \u00fcberzeugend r\u00fcber: Der Feel Good Stand\" width=\"450\" height=\"600\" srcset=\"http:\/\/www.bindannmalveg.de\/blog\/wp-content\/uploads\/2014\/11\/GoodMoodFood-918x1224.jpg 918w, http:\/\/www.bindannmalveg.de\/blog\/wp-content\/uploads\/2014\/11\/GoodMoodFood-112x150.jpg 112w, http:\/\/www.bindannmalveg.de\/blog\/wp-content\/uploads\/2014\/11\/GoodMoodFood-225x300.jpg 225w, http:\/\/www.bindannmalveg.de\/blog\/wp-content\/uploads\/2014\/11\/GoodMoodFood.jpg 1080w\" sizes=\"(max-width: 450px) 100vw, 450px\" \/><\/a><p id=\"caption-attachment-556\" class=\"wp-caption-text\">Kommt \u00fcberzeugend r\u00fcber: Der Good Mood Food\u00a0Stand<\/p><\/div>\n<p><a class=\"boxer\" href=\"http:\/\/www.bindannmalveg.de\/blog\/wp-content\/uploads\/2014\/11\/Kosmetik.jpg\"><img decoding=\"async\" loading=\"lazy\" class=\"aligncenter wp-image-561\" src=\"http:\/\/www.bindannmalveg.de\/blog\/wp-content\/uploads\/2014\/11\/Kosmetik-1224x917.jpg\" alt=\"Kosmetik\" width=\"450\" height=\"338\" srcset=\"http:\/\/www.bindannmalveg.de\/blog\/wp-content\/uploads\/2014\/11\/Kosmetik-1224x917.jpg 1224w, http:\/\/www.bindannmalveg.de\/blog\/wp-content\/uploads\/2014\/11\/Kosmetik-150x112.jpg 150w, http:\/\/www.bindannmalveg.de\/blog\/wp-content\/uploads\/2014\/11\/Kosmetik-300x225.jpg 300w, http:\/\/www.bindannmalveg.de\/blog\/wp-content\/uploads\/2014\/11\/Kosmetik.jpg 1920w\" sizes=\"(max-width: 450px) 100vw, 450px\" \/><\/a><\/p>\n<p><a class=\"boxer\" href=\"http:\/\/www.bindannmalveg.de\/blog\/wp-content\/uploads\/2014\/11\/Food.jpg\"><img decoding=\"async\" loading=\"lazy\" class=\"aligncenter wp-image-557\" src=\"http:\/\/www.bindannmalveg.de\/blog\/wp-content\/uploads\/2014\/11\/Food-1224x917.jpg\" alt=\"FoodTaimetoidumess\" width=\"450\" height=\"338\" srcset=\"http:\/\/www.bindannmalveg.de\/blog\/wp-content\/uploads\/2014\/11\/Food-1224x917.jpg 1224w, http:\/\/www.bindannmalveg.de\/blog\/wp-content\/uploads\/2014\/11\/Food-150x112.jpg 150w, http:\/\/www.bindannmalveg.de\/blog\/wp-content\/uploads\/2014\/11\/Food-300x225.jpg 300w, http:\/\/www.bindannmalveg.de\/blog\/wp-content\/uploads\/2014\/11\/Food.jpg 1920w\" sizes=\"(max-width: 450px) 100vw, 450px\" \/><\/a><\/p>\n<div id=\"attachment_560\" style=\"width: 460px\" class=\"wp-caption aligncenter\"><a class=\"boxer\" title=\"Oft durfte probiert werden\" href=\"http:\/\/www.bindannmalveg.de\/blog\/wp-content\/uploads\/2014\/11\/Probieren.jpg\"><img aria-describedby=\"caption-attachment-560\" decoding=\"async\" loading=\"lazy\" class=\"wp-image-560\" src=\"http:\/\/www.bindannmalveg.de\/blog\/wp-content\/uploads\/2014\/11\/Probieren-1224x917.jpg\" alt=\"Oft durfte probiert werden\" width=\"450\" height=\"338\" srcset=\"http:\/\/www.bindannmalveg.de\/blog\/wp-content\/uploads\/2014\/11\/Probieren-1224x917.jpg 1224w, http:\/\/www.bindannmalveg.de\/blog\/wp-content\/uploads\/2014\/11\/Probieren-150x112.jpg 150w, http:\/\/www.bindannmalveg.de\/blog\/wp-content\/uploads\/2014\/11\/Probieren-300x225.jpg 300w, http:\/\/www.bindannmalveg.de\/blog\/wp-content\/uploads\/2014\/11\/Probieren.jpg 1920w\" sizes=\"(max-width: 450px) 100vw, 450px\" \/><\/a><p id=\"caption-attachment-560\" class=\"wp-caption-text\">Oft durfte probiert werden<\/p><\/div>\n<p>Eines der sch\u00f6nsten Dinge war allerdings die Atmosph\u00e4re und die Menschen. Alle sind offen, freundlich und herzlich. Und damit hatte sich mein \u201eSprachproblem\u201c \u00fcber das ich mir vorher Gedanken gemacht habe, auch in Luft aufgel\u00f6st. Morgens beim Aufbauen wurde dann einfach ohne Probleme oft in Englisch gesprochen. Ich bin \u00fcbrigens nicht die einzige, die auf die Idee kommt, in Estland auf einer veganen Messe zu helfen ohne Estnisch zu k\u00f6nnen: Ich durfte auch ein P\u00e4rchen aus Litauen kennenlernen, was auch dabei war. Und ja, auch auf der Messe an sich war es gr\u00f6\u00dftenteils kein Problem mit den Menschen auf Englisch zu sprechen. Nat\u00fcrlich h\u00e4ngt das auch damit zusammen, dass viele Standbesitzer auch eher zur j\u00fcngeren Generation geh\u00f6ren, aber auch die etwas \u00e4lteren haben meist problemlos auf Englisch mit mir gesprochen :)<\/p>\n<p>Super fand ich \u00fcbrigens auch, dass sich viele \u00e4ltere Leute (also 60+) f\u00fcr die Messe interessiert haben, nachdem man ihnen einen Flyer in die Hand gedr\u00fcckt hat. Da stellte sich n\u00e4mlich die Lage im Einkaufszentrum als ziemlich gut heraus, gerade auch weil ein gro\u00dfer Supermarkt im Einkaufszentrum liegt, sodass viele verschiedene \u201eZielgruppen\u201c fast zwangsl\u00e4ufig an der Messe vorbeikommen.<\/p>\n<p>Alles in allem eine gelungene Feier zum Weltvegantag und ich freue mich, dass ich dabei sein durfte :)<\/p>\n","protected":false},"excerpt":{"rendered":"<p>So, zur\u00fcck von der Taimetoidumess. Wie bitte? Okay, das Wort Messe kann man vielleicht noch rauslesen. Aber Toimetoi\u2026 was? Wer von euch das Interview mit Therese\u00a0(die \u00fcbrigens auch dort anzutreffen war) aufmerksam gelesen hat oder Estnisch kann, wird es verstehen. Aber da ich mal stark davon ausgehe, dass die wenigsten von euch diese Sprache beherrschen,&nbsp;&hellip;<\/p>\n","protected":false},"author":1,"featured_media":673,"comment_status":"open","ping_status":"open","sticky":false,"template":"","format":"standard","meta":[],"categories":[126],"tags":[7,114,68],"_links":{"self":[{"href":"http:\/\/www.bindannmalveg.de\/blog\/wp-json\/wp\/v2\/posts\/552"}],"collection":[{"href":"http:\/\/www.bindannmalveg.de\/blog\/wp-json\/wp\/v2\/posts"}],"about":[{"href":"http:\/\/www.bindannmalveg.de\/blog\/wp-json\/wp\/v2\/types\/post"}],"author":[{"embeddable":true,"href":"http:\/\/www.bindannmalveg.de\/blog\/wp-json\/wp\/v2\/users\/1"}],"replies":[{"embeddable":true,"href":"http:\/\/www.bindannmalveg.de\/blog\/wp-json\/wp\/v2\/comments?post=552"}],"version-history":[{"count":31,"href":"http:\/\/www.bindannmalveg.de\/blog\/wp-json\/wp\/v2\/posts\/552\/revisions"}],"predecessor-version":[{"id":787,"href":"http:\/\/www.bindannmalveg.de\/blog\/wp-json\/wp\/v2\/posts\/552\/revisions\/787"}],"wp:featuredmedia":[{"embeddable":true,"href":"http:\/\/www.bindannmalveg.de\/blog\/wp-json\/wp\/v2\/media\/673"}],"wp:attachment":[{"href":"http:\/\/www.bindannmalveg.de\/blog\/wp-json\/wp\/v2\/media?parent=552"}],"wp:term":[{"taxonomy":"category","embeddable":true,"href":"http:\/\/www.bindannmalveg.de\/blog\/wp-json\/wp\/v2\/categories?post=552"},{"taxonomy":"post_tag","embeddable":true,"href":"http:\/\/www.bindannmalveg.de\/blog\/wp-json\/wp\/v2\/tags?post=552"}],"curies":[{"name":"wp","href":"https:\/\/api.w.org\/{rel}","templated":true}]}}