{"id":1515,"date":"2015-03-10T19:23:39","date_gmt":"2015-03-10T18:23:39","guid":{"rendered":"http:\/\/www.bindannmalveg.de\/blog\/?p=1515"},"modified":"2015-03-10T19:23:39","modified_gmt":"2015-03-10T18:23:39","slug":"eine-woche-norwegen","status":"publish","type":"post","link":"https:\/\/www.bindannmalveg.de\/blog\/eine-woche-norwegen\/","title":{"rendered":"Eine Woche Norwegen"},"content":{"rendered":"<p>Hui, nun bin ich schon fast eine Woche hier, ging dann doch schnell. Irgendwie kann ich es noch nicht richtig realisieren, glaube ich.<\/p>\n<p>Heute st\u00fcrmt es hier und schneit, schneit und schneit. Eigentlich wollte ich nach drau\u00dfen und einige sch\u00f6ne Fotos machen. Das Wetter hat mich lange verunsichert, aber schlie\u00dflich habe ich mich doch noch nach drau\u00dfen gewagt. Ich habe mir die Fotos noch nicht angeschaut, werde ich aber gleich noch machen, um zu schauen, ob man \u00fcberhaupt irgendwas verwenden kann. Denn kaum setzte ich einen Schritt vor die T\u00fcr, \u00fcberlegte ich mir schon, ob ich nicht doch lieber wieder ins Haus gehen soll. Der Schnee wehte mir ins Gesicht, auf meiner Tasche (und sowieso auf allem!) bildete sich innerhalb von wenigen Minuten eine Schneeschicht und Angst um meine Kamera bekam ich auch recht schnell, da die durch den Schnee ziemlich schnell feucht wurde, auch wenn ich versucht habe sie zu sch\u00fctzen. Nun ja, sie hat&#8217;s \u00fcberlebt und ich auch&#8230; aber nur fast ^^<!--more--><\/p>\n<p>Ich bin ein bisschen am nahegelegenen See spazieren gegangen und war gerade dabei einige Fotos zu machen. Eins davon von meinen F\u00fc\u00dfen im Schnee. <em>Hmm, wenn ich das auf dem Weg hier mache, sieht man den vielen Schnee gar nicht.<\/em> Also wollte ich ein Bild vom Wegrand, Fu\u00df und Schnee machen. Okay, ich habe mir den Schnee am Wegrand h\u00f6her vorgestellt, aber so hoch?<\/p>\n<p><a class=\"boxer\" href=\"http:\/\/www.bindannmalveg.de\/blog\/wp-content\/uploads\/2015\/03\/Schneewanderung.jpg\"><img decoding=\"async\" loading=\"lazy\" class=\"aligncenter size-medium wp-image-1528\" src=\"http:\/\/www.bindannmalveg.de\/blog\/wp-content\/uploads\/2015\/03\/Schneewanderung-338x450.jpg\" alt=\"Schneebedeckte B\u00e4ume in Tromso\" width=\"338\" height=\"450\" srcset=\"https:\/\/www.bindannmalveg.de\/blog\/wp-content\/uploads\/2015\/03\/Schneewanderung-338x450.jpg 338w, https:\/\/www.bindannmalveg.de\/blog\/wp-content\/uploads\/2015\/03\/Schneewanderung-113x150.jpg 113w, https:\/\/www.bindannmalveg.de\/blog\/wp-content\/uploads\/2015\/03\/Schneewanderung-918x1224.jpg 918w, https:\/\/www.bindannmalveg.de\/blog\/wp-content\/uploads\/2015\/03\/Schneewanderung.jpg 1080w\" sizes=\"(max-width: 338px) 100vw, 338px\" \/><\/a><\/p>\n<p>Einen Fu\u00df setzte ich in den Schnee und plopp &#8211; geht es einen halben Meter, wenn nicht sogar mehr nach unten. Der Schnee ging mir bis zu den Oberschenkeln und ich bin recht gro\u00df! Okay, Fu\u00df wieder zur\u00fcck auf den Weg&#8230; Fu\u00df wieder zur\u00fcck auf den Weg sag ich! Oh jee, und da kam dann doch echt ein bisschen Panik auf! Ich habe meinen Fu\u00df nicht aus dem Schnee rausbekommen, so tief steckte er fest. Ich sa\u00df auf dem Schnee und versuchte mit aller Kraft den Fu\u00df darauszubekommen&#8230; im ersten Moment noch ganz lustig, im n\u00e4chsten ja&#8230; ich hab wie gesagt echt ein bisschen Panik bekommen und \u00fcberlegt, ob ich mein Handy dabei habe und im Notfall jemanden anrufen k\u00f6nnte. Gott sei Dank habe ich es dann aber doch noch alleine geschafft. But lesson learnt: Verlasse nicht den Weg! Danach habe ich echt ziemlich genau darauf geachtet nicht zu nah an den Rand des Weges zu gehen! Sowas kann wahrscheinlich nur d\u00e4mlichen Touristen (oder Praktikantinnen ;)) passieren&#8230; zum Gl\u00fcck hat&#8217;s keiner gesehen =D<\/p>\n<p><a class=\"boxer\" href=\"http:\/\/www.bindannmalveg.de\/blog\/wp-content\/uploads\/2015\/03\/Schneewanderung2.jpg\"><img decoding=\"async\" loading=\"lazy\" class=\"aligncenter size-medium wp-image-1530\" src=\"http:\/\/www.bindannmalveg.de\/blog\/wp-content\/uploads\/2015\/03\/Schneewanderung2-450x338.jpg\" alt=\"Spazieren gehen im Schnee\" width=\"450\" height=\"338\" srcset=\"https:\/\/www.bindannmalveg.de\/blog\/wp-content\/uploads\/2015\/03\/Schneewanderung2-450x338.jpg 450w, https:\/\/www.bindannmalveg.de\/blog\/wp-content\/uploads\/2015\/03\/Schneewanderung2-150x113.jpg 150w, https:\/\/www.bindannmalveg.de\/blog\/wp-content\/uploads\/2015\/03\/Schneewanderung2-1224x918.jpg 1224w, https:\/\/www.bindannmalveg.de\/blog\/wp-content\/uploads\/2015\/03\/Schneewanderung2.jpg 1920w\" sizes=\"(max-width: 450px) 100vw, 450px\" \/><\/a><\/p>\n<p>Ansonsten ist der viele Schnee und dieses White Wonderland aber echt sch\u00f6n. Trotz meinem bisher schon langen Winters (in Lettland wird es ja fr\u00fcher k\u00e4lter als in Deutschland), habe ich bisher noch kaum richtigen, hohen, l\u00e4nger liegen bleibenden Schnee gesehen. Irgendwie hatte es in Lettland nur ein Wochenende geschneit, in Deutschland war ich dann auch immer am falschen Ort, wenn es um Schnee geht &#8230; aber jetzt! Und daf\u00fcr richtig. Der Monat mit dem meisten Schnee steht aber noch bevor, das ist n\u00e4mlich der April, wurde mir erz\u00e4hlt. Ob ich das jetzt gut oder schlecht finde? Ich wei\u00df nicht. Im Moment ist das noch ganz sch\u00f6n, aber ich habe das glaube ich noch nicht alles so ganz verkn\u00fcpft: Das ich jetzt l\u00e4nger hier bin, dass es hier erstmal noch ziemlich lange kalt sein wird, &#8230; Nun ja, mal sehen :)<\/p>\n<p>Allgemein machen Tromso, die Norweger und mein Praktikumsbetrieb aber einen guten Eindruck. Auch wenn ich Freitag nach drei einst\u00fcndigen Meetings etwas frustriert war: Schlie\u00dflich finden die Meetings auf Norwegisch statt und ich verstehe im Moment in den meisten F\u00e4llen kein Wort &#8211; auch wenn ich schon in Riga mit dem Norwegisch lernen angefangen habe. Ich halte mich auch nicht f\u00fcr sonderlich sprachbegabt, aber ich probiere es trotzdem gerne :) Deswegen werde ich mich wohl auch gleich hinsetzen und mit meinem Buch ein bisschen weiterlernen.<\/p>\n<div id=\"attachment_1529\" style=\"width: 348px\" class=\"wp-caption aligncenter\"><a class=\"boxer\" href=\"http:\/\/www.bindannmalveg.de\/blog\/wp-content\/uploads\/2015\/03\/Schneewand.jpg\"><img aria-describedby=\"caption-attachment-1529\" decoding=\"async\" loading=\"lazy\" class=\"wp-image-1529 size-medium\" src=\"http:\/\/www.bindannmalveg.de\/blog\/wp-content\/uploads\/2015\/03\/Schneewand-338x450.jpg\" alt=\"Schneewand\" width=\"338\" height=\"450\" srcset=\"https:\/\/www.bindannmalveg.de\/blog\/wp-content\/uploads\/2015\/03\/Schneewand-338x450.jpg 338w, https:\/\/www.bindannmalveg.de\/blog\/wp-content\/uploads\/2015\/03\/Schneewand-113x150.jpg 113w, https:\/\/www.bindannmalveg.de\/blog\/wp-content\/uploads\/2015\/03\/Schneewand-918x1224.jpg 918w, https:\/\/www.bindannmalveg.de\/blog\/wp-content\/uploads\/2015\/03\/Schneewand.jpg 1080w\" sizes=\"(max-width: 338px) 100vw, 338px\" \/><\/a><p id=\"caption-attachment-1529\" class=\"wp-caption-text\">Eine riesige Schnee-Eis-Wand am Stra\u00dfenrand, die h\u00f6her als ich ist!<\/p><\/div>\n<p style=\"text-align: center;\"><strong>Und welche Sprachen sprecht ihr? Hinterlasst mir doch einen Kommentar<br \/>\nmit eurem Lieblingswort in einer Sprache eurer Wahl :)<\/strong><\/p>\n","protected":false},"excerpt":{"rendered":"<p>Hui, nun bin ich schon fast eine Woche hier, ging dann doch schnell. Irgendwie kann ich es noch nicht richtig realisieren, glaube ich. Heute st\u00fcrmt es hier und schneit, schneit und schneit. Eigentlich wollte ich nach drau\u00dfen und einige sch\u00f6ne Fotos machen. Das Wetter hat mich lange verunsichert, aber schlie\u00dflich habe ich mich doch noch&nbsp;&hellip;<\/p>\n","protected":false},"author":1,"featured_media":1531,"comment_status":"open","ping_status":"open","sticky":false,"template":"","format":"standard","meta":[],"categories":[170],"tags":[41,169,11,12],"_links":{"self":[{"href":"https:\/\/www.bindannmalveg.de\/blog\/wp-json\/wp\/v2\/posts\/1515"}],"collection":[{"href":"https:\/\/www.bindannmalveg.de\/blog\/wp-json\/wp\/v2\/posts"}],"about":[{"href":"https:\/\/www.bindannmalveg.de\/blog\/wp-json\/wp\/v2\/types\/post"}],"author":[{"embeddable":true,"href":"https:\/\/www.bindannmalveg.de\/blog\/wp-json\/wp\/v2\/users\/1"}],"replies":[{"embeddable":true,"href":"https:\/\/www.bindannmalveg.de\/blog\/wp-json\/wp\/v2\/comments?post=1515"}],"version-history":[{"count":10,"href":"https:\/\/www.bindannmalveg.de\/blog\/wp-json\/wp\/v2\/posts\/1515\/revisions"}],"predecessor-version":[{"id":1541,"href":"https:\/\/www.bindannmalveg.de\/blog\/wp-json\/wp\/v2\/posts\/1515\/revisions\/1541"}],"wp:featuredmedia":[{"embeddable":true,"href":"https:\/\/www.bindannmalveg.de\/blog\/wp-json\/wp\/v2\/media\/1531"}],"wp:attachment":[{"href":"https:\/\/www.bindannmalveg.de\/blog\/wp-json\/wp\/v2\/media?parent=1515"}],"wp:term":[{"taxonomy":"category","embeddable":true,"href":"https:\/\/www.bindannmalveg.de\/blog\/wp-json\/wp\/v2\/categories?post=1515"},{"taxonomy":"post_tag","embeddable":true,"href":"https:\/\/www.bindannmalveg.de\/blog\/wp-json\/wp\/v2\/tags?post=1515"}],"curies":[{"name":"wp","href":"https:\/\/api.w.org\/{rel}","templated":true}]}}