{"id":1556,"date":"2015-03-20T20:26:17","date_gmt":"2015-03-20T19:26:17","guid":{"rendered":"http:\/\/www.bindannmalveg.de\/blog\/?p=1556"},"modified":"2015-03-20T20:26:17","modified_gmt":"2015-03-20T19:26:17","slug":"das-leben-ist-eine-achterbahn-auch-in-norwegen","status":"publish","type":"post","link":"https:\/\/www.bindannmalveg.de\/blog\/das-leben-ist-eine-achterbahn-auch-in-norwegen\/","title":{"rendered":"Das Leben ist eine Achterbahn &#8211; auch in Norwegen"},"content":{"rendered":"<p>Ich gebe es zu, hier ist auch nicht alles rosarot! Genauer gesagt habe ich letzten Mittwoch sehens\u00fcchtig den startenden Flugzeugen hinterhergeschaut und w\u00e4re am liebsten selbst ins n\u00e4chste nach Deutschland (bzw. zumindest erstmal nach Oslo, Direktfl\u00fcge nach Deutschland gibts hier nicht ;)) gestiegen. Die Arbeit ist nicht ganz so toll, wie erhofft, was zum Teil an Sprachschwierigkeiten liegt, aber nicht nur. Eis und Schnee bis Anfang Mai? Wei\u00df ich auch nicht, ob ich das brauche. Au\u00dferdem ist Troms\u00f8 glaube ich nicht die Stadt, wo ich mein Leben lang wohnen k\u00f6nnte. <!--more-->Aber gut, ein Leben lang&#8230; das ist im Moment allgemein schwer vorzustellen. Aber ich meine auch, dass Troms\u00f8 wohl nicht die Stadt ist, wo ich mehrere Jahre leben k\u00f6nnte. Versteht mich nicht falsch, Troms\u00f8 ist eine echt sch\u00f6ne Stadt und einen Besuch empfehle ich euch auf jeden Fall! Ich kann auch verstehen, wieso viele Leute die Stadt lieben. Aber zum dauerhaften Wohnen ist es mir glaube ich auch zu &#8220;abgeschnitten&#8221; vom Rest der Welt (oder auch vom Rest Norwegens) und zu klein. Ja, zu klein. Das aus meinem Mund, wo ich doch eigentlich kleinere St\u00e4dte lieber mag als gro\u00dfe Metropolen. Aber ich glaube mein perfekter Wohnort ist wohl eine kleinere Stadt\/Gemeinde, die ein Vorort einer Gro\u00dfstadt ist.<\/p>\n<div id=\"attachment_1574\" style=\"width: 460px\" class=\"wp-caption aligncenter\"><a class=\"boxer\" href=\"http:\/\/www.bindannmalveg.de\/blog\/wp-content\/uploads\/2015\/03\/TromsoVonOben.jpg\"><img aria-describedby=\"caption-attachment-1574\" decoding=\"async\" loading=\"lazy\" class=\"wp-image-1574 size-medium\" src=\"http:\/\/www.bindannmalveg.de\/blog\/wp-content\/uploads\/2015\/03\/TromsoVonOben-450x338.jpg\" alt=\"Definitiv keine h\u00e4ssliche Stadt - Tromso von oben\" width=\"450\" height=\"338\" srcset=\"https:\/\/www.bindannmalveg.de\/blog\/wp-content\/uploads\/2015\/03\/TromsoVonOben-450x338.jpg 450w, https:\/\/www.bindannmalveg.de\/blog\/wp-content\/uploads\/2015\/03\/TromsoVonOben-150x113.jpg 150w, https:\/\/www.bindannmalveg.de\/blog\/wp-content\/uploads\/2015\/03\/TromsoVonOben-1224x918.jpg 1224w, https:\/\/www.bindannmalveg.de\/blog\/wp-content\/uploads\/2015\/03\/TromsoVonOben-600x450.jpg 600w, https:\/\/www.bindannmalveg.de\/blog\/wp-content\/uploads\/2015\/03\/TromsoVonOben.jpg 1920w\" sizes=\"(max-width: 450px) 100vw, 450px\" \/><\/a><p id=\"caption-attachment-1574\" class=\"wp-caption-text\">Definitiv keine h\u00e4ssliche Stadt &#8211; Tromso von oben<\/p><\/div>\n<p>Und dann ist nat\u00fcrlich alles noch so unglaublich teuer. Das war zwar keine \u00dcberraschung und hat mich daher auch nicht mehr total schockiert, aber &#8220;im Hintergrund&#8221; nervt es schon Unmengen f\u00fcr zum Beispiel Obst und Gem\u00fcse von schlechter Qualit\u00e4t auszugeben. Wof\u00fcr man in Deutschland locker Bioqualit\u00e4t bekommen w\u00fcrde&#8230; Aber einen Vorteil hat es: Ich wollte sowieso schon lange mehr auf Qualit\u00e4t anstatt Quantit\u00e4t achten. Wenn ich wieder aus Norwegen zur\u00fcckkomme, wird mir das sicherlich nicht mehr so schwer fallen, da die Bioprodukte in Deutschland zum Gro\u00dfteil wirklich g\u00fcnstiger sind als das konventionelle Zeug hier in Norwegen. Nur die Blaubeeren werde ich vermissen! Ich liebe Blaubeeren &lt;3 Und die gibt es hier eingefroren (selbst f\u00fcr deutsche Verh\u00e4ltnisse) superg\u00fcnstig! Also wird es die n\u00e4chste Zeit viiiiiiele Blaubeeren geben! Nachdem ich die anstrengende Suche nach einer Saftpresse (einer ganz einfachen, nicht elektrisch oder sonstwas) \u00fcberstanden habe (wieso ist es hier so schwer eine Saftpresse zu finden?!), gibt es nun jeden Morgen einen Orangen-Blaubeer-Smoothie (manchmal auch noch mit \u00c4pfeln) :)<\/p>\n<div id=\"attachment_1575\" style=\"width: 460px\" class=\"wp-caption aligncenter\"><a class=\"boxer\" title=\"Ein guter Start in den Tag: Tee &amp; viiiiele Blaubeeren mit etwas Muesli :)\" href=\"http:\/\/www.bindannmalveg.de\/blog\/wp-content\/uploads\/2015\/03\/Blaubeermuesli.jpg\"><img aria-describedby=\"caption-attachment-1575\" decoding=\"async\" loading=\"lazy\" class=\"size-medium wp-image-1575\" src=\"http:\/\/www.bindannmalveg.de\/blog\/wp-content\/uploads\/2015\/03\/Blaubeermuesli-450x338.jpg\" alt=\"Blaubeermuesli zum Fr\u00fchst\u00fcck\" width=\"450\" height=\"338\" srcset=\"https:\/\/www.bindannmalveg.de\/blog\/wp-content\/uploads\/2015\/03\/Blaubeermuesli-450x338.jpg 450w, https:\/\/www.bindannmalveg.de\/blog\/wp-content\/uploads\/2015\/03\/Blaubeermuesli-150x113.jpg 150w, https:\/\/www.bindannmalveg.de\/blog\/wp-content\/uploads\/2015\/03\/Blaubeermuesli-1224x918.jpg 1224w, https:\/\/www.bindannmalveg.de\/blog\/wp-content\/uploads\/2015\/03\/Blaubeermuesli-600x450.jpg 600w, https:\/\/www.bindannmalveg.de\/blog\/wp-content\/uploads\/2015\/03\/Blaubeermuesli.jpg 1920w\" sizes=\"(max-width: 450px) 100vw, 450px\" \/><\/a><p id=\"caption-attachment-1575\" class=\"wp-caption-text\">Ein guter Start in den Tag: Tee &amp; viiiiele Blaubeeren mit etwas Muesli :)<\/p><\/div>\n<p>Ansonsten bin ich froh, das ich mein Praktikum und mein Auslandssemester getauscht habe: Das hei\u00dft er nach Lettland und dann nach Norwegen. Denn 24 Stunden Dunkelheit von November bis Januar sind wahrscheinlich nichts f\u00fcr mich, auch wenn ich anfangs mal dachte &#8220;Ach, das w\u00e4re ja ein Erlebnis&#8221;. Na ja&#8230; ich glaube mittlerweile, dass ich auf das Erlebnis doch verzichten kann. Ein paar Tage okay, aber keine Wochen oder gar Monate ;)<\/p>\n<div id=\"attachment_1576\" style=\"width: 460px\" class=\"wp-caption aligncenter\"><a class=\"boxer\" title=\"Zum Gl\u00fcck geht seit Ende Januar die Sonne wieder auf und unter!\" href=\"http:\/\/www.bindannmalveg.de\/blog\/wp-content\/uploads\/2015\/03\/SonneuntergangTromso.jpg\"><img aria-describedby=\"caption-attachment-1576\" decoding=\"async\" loading=\"lazy\" class=\"size-medium wp-image-1576\" src=\"http:\/\/www.bindannmalveg.de\/blog\/wp-content\/uploads\/2015\/03\/SonneuntergangTromso-450x338.jpg\" alt=\"Sonneuntergang in Tromso\" width=\"450\" height=\"338\" srcset=\"https:\/\/www.bindannmalveg.de\/blog\/wp-content\/uploads\/2015\/03\/SonneuntergangTromso-450x338.jpg 450w, https:\/\/www.bindannmalveg.de\/blog\/wp-content\/uploads\/2015\/03\/SonneuntergangTromso-150x113.jpg 150w, https:\/\/www.bindannmalveg.de\/blog\/wp-content\/uploads\/2015\/03\/SonneuntergangTromso-1224x918.jpg 1224w, https:\/\/www.bindannmalveg.de\/blog\/wp-content\/uploads\/2015\/03\/SonneuntergangTromso-600x450.jpg 600w, https:\/\/www.bindannmalveg.de\/blog\/wp-content\/uploads\/2015\/03\/SonneuntergangTromso.jpg 1920w\" sizes=\"(max-width: 450px) 100vw, 450px\" \/><\/a><p id=\"caption-attachment-1576\" class=\"wp-caption-text\">Zum Gl\u00fcck geht seit Ende Januar die Sonne wieder auf und unter!<\/p><\/div>\n<p>Nach vielen Schnee-, Regen- oder einfach nur grauen Tagen habe ich mich total \u00fcber letzten Sonntag gefreut: Strahlender Sonnenschein, superklare Sicht! Endlich ein Tag an dem es sich lohnt die Seilbahn zum nahegelegenen Berg &#8220;Storsteinen&#8221; zu benutzen :) Dort war es wirklich wundersch\u00f6n und das war echt ein Moment, wo ich sehr gl\u00fccklich war hier zu sein! Bilder sagen da aber mehr als tausend Worte&#8230;<\/p>\n<div id=\"attachment_1579\" style=\"width: 460px\" class=\"wp-caption aligncenter\"><a class=\"boxer\" title=\"Mit dieser s\u00fc\u00dfen Gondel ging es hoch nach oben\" href=\"http:\/\/www.bindannmalveg.de\/blog\/wp-content\/uploads\/2015\/03\/GondelTromsoFjellheisen.jpg\"><img aria-describedby=\"caption-attachment-1579\" decoding=\"async\" loading=\"lazy\" class=\"size-medium wp-image-1579\" src=\"http:\/\/www.bindannmalveg.de\/blog\/wp-content\/uploads\/2015\/03\/GondelTromsoFjellheisen-450x338.jpg\" alt=\"Mit der Gondel ging es auf den Berg in Tromso\" width=\"450\" height=\"338\" srcset=\"https:\/\/www.bindannmalveg.de\/blog\/wp-content\/uploads\/2015\/03\/GondelTromsoFjellheisen-450x338.jpg 450w, https:\/\/www.bindannmalveg.de\/blog\/wp-content\/uploads\/2015\/03\/GondelTromsoFjellheisen-150x113.jpg 150w, https:\/\/www.bindannmalveg.de\/blog\/wp-content\/uploads\/2015\/03\/GondelTromsoFjellheisen-1224x918.jpg 1224w, https:\/\/www.bindannmalveg.de\/blog\/wp-content\/uploads\/2015\/03\/GondelTromsoFjellheisen-600x450.jpg 600w, https:\/\/www.bindannmalveg.de\/blog\/wp-content\/uploads\/2015\/03\/GondelTromsoFjellheisen.jpg 1920w\" sizes=\"(max-width: 450px) 100vw, 450px\" \/><\/a><p id=\"caption-attachment-1579\" class=\"wp-caption-text\">Mit dieser s\u00fc\u00dfen Gondel ging es hoch nach oben<\/p><\/div>\n<p><a class=\"boxer\" href=\"http:\/\/www.bindannmalveg.de\/blog\/wp-content\/uploads\/2015\/03\/TromsoRegionAusblick.jpg\"><img decoding=\"async\" loading=\"lazy\" class=\"aligncenter size-medium wp-image-1578\" src=\"http:\/\/www.bindannmalveg.de\/blog\/wp-content\/uploads\/2015\/03\/TromsoRegionAusblick-450x338.jpg\" alt=\"Ausblick \u00fcber Tromso und die Region\" width=\"450\" height=\"338\" srcset=\"https:\/\/www.bindannmalveg.de\/blog\/wp-content\/uploads\/2015\/03\/TromsoRegionAusblick-450x338.jpg 450w, https:\/\/www.bindannmalveg.de\/blog\/wp-content\/uploads\/2015\/03\/TromsoRegionAusblick-150x113.jpg 150w, https:\/\/www.bindannmalveg.de\/blog\/wp-content\/uploads\/2015\/03\/TromsoRegionAusblick-1224x918.jpg 1224w, https:\/\/www.bindannmalveg.de\/blog\/wp-content\/uploads\/2015\/03\/TromsoRegionAusblick-600x450.jpg 600w, https:\/\/www.bindannmalveg.de\/blog\/wp-content\/uploads\/2015\/03\/TromsoRegionAusblick.jpg 1920w\" sizes=\"(max-width: 450px) 100vw, 450px\" \/><\/a><\/p>\n<div id=\"attachment_1582\" style=\"width: 460px\" class=\"wp-caption aligncenter\"><a class=\"boxer\" title=\"Dieser Spielplatz ist wohl eine Weile eher weniger benutzbar...\" href=\"http:\/\/www.bindannmalveg.de\/blog\/wp-content\/uploads\/2015\/03\/SpielplatzEingeschneit.jpg\"><img aria-describedby=\"caption-attachment-1582\" decoding=\"async\" loading=\"lazy\" class=\"size-medium wp-image-1582\" src=\"http:\/\/www.bindannmalveg.de\/blog\/wp-content\/uploads\/2015\/03\/SpielplatzEingeschneit-450x338.jpg\" alt=\"Eingeschneiter Spielplatz in Tromso\" width=\"450\" height=\"338\" srcset=\"https:\/\/www.bindannmalveg.de\/blog\/wp-content\/uploads\/2015\/03\/SpielplatzEingeschneit-450x338.jpg 450w, https:\/\/www.bindannmalveg.de\/blog\/wp-content\/uploads\/2015\/03\/SpielplatzEingeschneit-150x113.jpg 150w, https:\/\/www.bindannmalveg.de\/blog\/wp-content\/uploads\/2015\/03\/SpielplatzEingeschneit-1224x918.jpg 1224w, https:\/\/www.bindannmalveg.de\/blog\/wp-content\/uploads\/2015\/03\/SpielplatzEingeschneit-600x450.jpg 600w, https:\/\/www.bindannmalveg.de\/blog\/wp-content\/uploads\/2015\/03\/SpielplatzEingeschneit.jpg 1920w\" sizes=\"(max-width: 450px) 100vw, 450px\" \/><\/a><p id=\"caption-attachment-1582\" class=\"wp-caption-text\">Dieser Spielplatz ist wohl eine Weile eher weniger benutzbar&#8230;<\/p><\/div>\n<p>\u00dcbrigens: Auch wenn ich es eigentlich hasse t\u00e4glich Berge laufen zu m\u00fcssen, mein Arbeitsweg ist echt sch\u00f6n und jeden Tag genie\u00dfe ich den Ausblick\u00a0\u2764 Oben rechts seht ihr \u00fcbrigens den Storsteinen, also den Berg von dem die Fotos sind :)<\/p>\n<p><a class=\"boxer\" href=\"http:\/\/www.bindannmalveg.de\/blog\/wp-content\/uploads\/2015\/03\/ArbeitswegTromso.jpg\"><img decoding=\"async\" loading=\"lazy\" class=\"aligncenter size-medium wp-image-1583\" src=\"http:\/\/www.bindannmalveg.de\/blog\/wp-content\/uploads\/2015\/03\/ArbeitswegTromso-450x338.jpg\" alt=\"Arbeitsweg in Tromso\" width=\"450\" height=\"338\" srcset=\"https:\/\/www.bindannmalveg.de\/blog\/wp-content\/uploads\/2015\/03\/ArbeitswegTromso-450x338.jpg 450w, https:\/\/www.bindannmalveg.de\/blog\/wp-content\/uploads\/2015\/03\/ArbeitswegTromso-150x113.jpg 150w, https:\/\/www.bindannmalveg.de\/blog\/wp-content\/uploads\/2015\/03\/ArbeitswegTromso-1224x918.jpg 1224w, https:\/\/www.bindannmalveg.de\/blog\/wp-content\/uploads\/2015\/03\/ArbeitswegTromso-600x450.jpg 600w, https:\/\/www.bindannmalveg.de\/blog\/wp-content\/uploads\/2015\/03\/ArbeitswegTromso.jpg 1920w\" sizes=\"(max-width: 450px) 100vw, 450px\" \/><\/a><\/p>\n<p>Ich bin gespannt was die n\u00e4chsten Wochen noch bringen werden, im Moment bin ich einfach noch nicht richtig angekommen, denke ich. Aber wer ist das schon nach 2,5 Wochen? Und geht das \u00fcberhaupt in vier Monaten? Auch das ist keine lange Zeit&#8230; Ich werde es sehen.<\/p>\n<p style=\"text-align: center;\">Ganz liebe Gr\u00fc\u00dfe aus Norwegen,<br \/>\nVanessa<\/p>\n<p>PS: Keine Sorge, ich habe nicht vor nur noch \u00fcber mich &amp; mein Leben zu schreiben. Rezepte, Reiseberichte &amp; Tipps wird es nat\u00fcrlich weiterhin geben. Nur jetzt hatte ich gerade erstmal das Gef\u00fchl meine ersten Eindr\u00fccke &#8220;auf Papier&#8221; bringen zu m\u00fcssen.<\/p>\n","protected":false},"excerpt":{"rendered":"<p>Ich gebe es zu, hier ist auch nicht alles rosarot! Genauer gesagt habe ich letzten Mittwoch sehens\u00fcchtig den startenden Flugzeugen hinterhergeschaut und w\u00e4re am liebsten selbst ins n\u00e4chste nach Deutschland (bzw. zumindest erstmal nach Oslo, Direktfl\u00fcge nach Deutschland gibts hier nicht ;)) gestiegen. Die Arbeit ist nicht ganz so toll, wie erhofft, was zum Teil&nbsp;&hellip;<\/p>\n","protected":false},"author":1,"featured_media":1573,"comment_status":"open","ping_status":"open","sticky":false,"template":"","format":"standard","meta":[],"categories":[170],"tags":[172,171,41,169],"_links":{"self":[{"href":"https:\/\/www.bindannmalveg.de\/blog\/wp-json\/wp\/v2\/posts\/1556"}],"collection":[{"href":"https:\/\/www.bindannmalveg.de\/blog\/wp-json\/wp\/v2\/posts"}],"about":[{"href":"https:\/\/www.bindannmalveg.de\/blog\/wp-json\/wp\/v2\/types\/post"}],"author":[{"embeddable":true,"href":"https:\/\/www.bindannmalveg.de\/blog\/wp-json\/wp\/v2\/users\/1"}],"replies":[{"embeddable":true,"href":"https:\/\/www.bindannmalveg.de\/blog\/wp-json\/wp\/v2\/comments?post=1556"}],"version-history":[{"count":9,"href":"https:\/\/www.bindannmalveg.de\/blog\/wp-json\/wp\/v2\/posts\/1556\/revisions"}],"predecessor-version":[{"id":1587,"href":"https:\/\/www.bindannmalveg.de\/blog\/wp-json\/wp\/v2\/posts\/1556\/revisions\/1587"}],"wp:featuredmedia":[{"embeddable":true,"href":"https:\/\/www.bindannmalveg.de\/blog\/wp-json\/wp\/v2\/media\/1573"}],"wp:attachment":[{"href":"https:\/\/www.bindannmalveg.de\/blog\/wp-json\/wp\/v2\/media?parent=1556"}],"wp:term":[{"taxonomy":"category","embeddable":true,"href":"https:\/\/www.bindannmalveg.de\/blog\/wp-json\/wp\/v2\/categories?post=1556"},{"taxonomy":"post_tag","embeddable":true,"href":"https:\/\/www.bindannmalveg.de\/blog\/wp-json\/wp\/v2\/tags?post=1556"}],"curies":[{"name":"wp","href":"https:\/\/api.w.org\/{rel}","templated":true}]}}