{"id":1674,"date":"2015-04-08T20:04:55","date_gmt":"2015-04-08T18:04:55","guid":{"rendered":"http:\/\/www.bindannmalveg.de\/blog\/?p=1674"},"modified":"2015-04-08T20:05:16","modified_gmt":"2015-04-08T18:05:16","slug":"kardemommeboller","status":"publish","type":"post","link":"https:\/\/www.bindannmalveg.de\/blog\/kardemommeboller\/","title":{"rendered":"Norwegische Kardemommeboller"},"content":{"rendered":"<p>Man k\u00f6nnte meinen, dass ich das ein oder andere traditionelle\u00a0Gericht aus Lettland vorstellen kann, wo ich doch einige Monate dort gelebt habe. Nun ja, ihr braucht jetzt nicht nach lettischen Rezepten auf meinen Blog suchen&#8230; Damit das hier in Norwegen nicht genau endet, habe ich mich auf die Suche nach einem typisch norwegischen Rezept gemacht. Wieder mal eine richtige Herausforderung. Um euch die &#8220;ernste Lage&#8221; zu verdeutlichen: Die Kochb\u00fccher haben hier die Rubriken Fisch, Fleisch und Desserts. Gem\u00fcsegerichte? Pustekuchen ;) <!--more-->Und da bezahlbare vegane Alternativen wie vegane Margarine, aufschlagbare Sahne, Tofu &amp; Co. hier auch eher Mangelware sind, ist es mir wirklich nicht einfach gefallen was zu finden.<\/p>\n<p>Am Ende bin ich jedoch bei den Kardamombr\u00f6tchen (Kardemommeboller) gelandet. Kardamom findet man hier ja sowieso in ziemlich vielen Gerichten&#8230; was ich nicht schlecht finde, schlie\u00dflich mag ich Kardamom sehr gerne :)<\/p>\n<p><strong>Zutaten f\u00fcr 10 &#8211; 15 kleine Br\u00f6tchen:<\/strong><br \/>\n1 Packung Trockenhefe<br \/>\n300 ml pflanzliche Milch<br \/>\n20 ml \u00d6l<br \/>\n500 g Weizenmehl<br \/>\n1 TL Kardamom<br \/>\n2 EL Zucker<br \/>\n1 EL Sojamehl<br \/>\n1 Prise Salz<br \/>\nOptional: Hagelzucker zum Bestreuen<\/p>\n<p>Alle Zutaten zusammen in eine Sch\u00fcssel geben und mehrere Minuten gut verkneten. Dann mindestens eine Stunde zugedeckt an einem warmen Ort gehen lassen, ehe ihr aus dem Teig kleine Br\u00f6tchen formen k\u00f6nnt. Wer mag, kann die Br\u00f6tchen noch mit Hagelzucker bestreuen bzw. sie kurz kopf\u00fcber in eine mit Hagelzucker gef\u00fcllte Sch\u00fcssel dr\u00fccken. Dann am besten nochmal ca. 15 Minuten gehen lassen. Und schlie\u00dflich geht es bei 200 Grad f\u00fcr 20 &#8211; 25 Minuten in den Ofen :)<\/p>\n<p>Super schmecken die Kardemommeboller noch warm mit Marmelade. Ich habe sie zum Beispiel mit Blaubeer-Zimt-Marmelade gegessen&#8230; yummy! Die Br\u00f6tchen sind allerdings nicht supers\u00fc\u00df, k\u00f6nnen also auch mit einem herzhaften Belag gegessen werden :)<\/p>\n<p><a class=\"boxer\" href=\"http:\/\/www.bindannmalveg.de\/blog\/wp-content\/uploads\/2015\/04\/Kardemommeboller01.jpg\"><img decoding=\"async\" loading=\"lazy\" class=\"aligncenter wp-image-1700 size-medium\" title=\"Kardemommeboller\" src=\"http:\/\/www.bindannmalveg.de\/blog\/wp-content\/uploads\/2015\/04\/Kardemommeboller01-450x338.jpg\" alt=\"Kardemommeboller\" width=\"450\" height=\"338\" srcset=\"https:\/\/www.bindannmalveg.de\/blog\/wp-content\/uploads\/2015\/04\/Kardemommeboller01-450x338.jpg 450w, https:\/\/www.bindannmalveg.de\/blog\/wp-content\/uploads\/2015\/04\/Kardemommeboller01-150x113.jpg 150w, https:\/\/www.bindannmalveg.de\/blog\/wp-content\/uploads\/2015\/04\/Kardemommeboller01-1224x918.jpg 1224w, https:\/\/www.bindannmalveg.de\/blog\/wp-content\/uploads\/2015\/04\/Kardemommeboller01-600x450.jpg 600w, https:\/\/www.bindannmalveg.de\/blog\/wp-content\/uploads\/2015\/04\/Kardemommeboller01.jpg 1920w\" sizes=\"(max-width: 450px) 100vw, 450px\" \/><\/a><\/p>\n","protected":false},"excerpt":{"rendered":"<p>Man k\u00f6nnte meinen, dass ich das ein oder andere traditionelle\u00a0Gericht aus Lettland vorstellen kann, wo ich doch einige Monate dort gelebt habe. Nun ja, ihr braucht jetzt nicht nach lettischen Rezepten auf meinen Blog suchen&#8230; Damit das hier in Norwegen nicht genau endet, habe ich mich auf die Suche nach einem typisch norwegischen Rezept gemacht.&nbsp;&hellip;<\/p>\n","protected":false},"author":1,"featured_media":1699,"comment_status":"open","ping_status":"open","sticky":false,"template":"","format":"standard","meta":[],"categories":[34,139],"tags":[16,19,144,24,8,176,114,45],"_links":{"self":[{"href":"https:\/\/www.bindannmalveg.de\/blog\/wp-json\/wp\/v2\/posts\/1674"}],"collection":[{"href":"https:\/\/www.bindannmalveg.de\/blog\/wp-json\/wp\/v2\/posts"}],"about":[{"href":"https:\/\/www.bindannmalveg.de\/blog\/wp-json\/wp\/v2\/types\/post"}],"author":[{"embeddable":true,"href":"https:\/\/www.bindannmalveg.de\/blog\/wp-json\/wp\/v2\/users\/1"}],"replies":[{"embeddable":true,"href":"https:\/\/www.bindannmalveg.de\/blog\/wp-json\/wp\/v2\/comments?post=1674"}],"version-history":[{"count":10,"href":"https:\/\/www.bindannmalveg.de\/blog\/wp-json\/wp\/v2\/posts\/1674\/revisions"}],"predecessor-version":[{"id":1715,"href":"https:\/\/www.bindannmalveg.de\/blog\/wp-json\/wp\/v2\/posts\/1674\/revisions\/1715"}],"wp:featuredmedia":[{"embeddable":true,"href":"https:\/\/www.bindannmalveg.de\/blog\/wp-json\/wp\/v2\/media\/1699"}],"wp:attachment":[{"href":"https:\/\/www.bindannmalveg.de\/blog\/wp-json\/wp\/v2\/media?parent=1674"}],"wp:term":[{"taxonomy":"category","embeddable":true,"href":"https:\/\/www.bindannmalveg.de\/blog\/wp-json\/wp\/v2\/categories?post=1674"},{"taxonomy":"post_tag","embeddable":true,"href":"https:\/\/www.bindannmalveg.de\/blog\/wp-json\/wp\/v2\/tags?post=1674"}],"curies":[{"name":"wp","href":"https:\/\/api.w.org\/{rel}","templated":true}]}}