{"id":22,"date":"2014-10-17T17:45:00","date_gmt":"2014-10-17T15:45:00","guid":{"rendered":"http:\/\/www.bindannmalveg.de\/blog\/englisches-porridge\/"},"modified":"2014-10-29T21:20:34","modified_gmt":"2014-10-29T18:20:34","slug":"englisches-porridge","status":"publish","type":"post","link":"https:\/\/www.bindannmalveg.de\/blog\/englisches-porridge\/","title":{"rendered":"Englisches Porridge"},"content":{"rendered":"<p>Eigentlich mag ich ja alles breiartige, was man nicht mehr kauen muss, nicht wirklich. Immerhin bin ich noch jung und f\u00e4hig zu kauen ;) Daher hat es mich echt \u00fcberrascht, dass ich mich f\u00fcr Porridge begeistern kann! Okay, zugegeben, bei mir werden kernige Haferflocken benutzt und das Ganze wird nicht zu lange gekocht, damit es nicht ganz so matschig wird. Aber dann schmeckt es echt ganz gut und ist ein super Fr\u00fchst\u00fcck. Damit wird man nicht so schnell wieder hungrig, es geht schnell, unkompliziert und g\u00fcnstig ist es auch noch!<\/p>\n<p><!--more--><\/p>\n<p><b>Zutaten f\u00fcr 1 &#8211; 2 Portionen:<\/b><br \/>\n1 Tasse kernige Haferflocken<br \/>\n1 Tasse pflanzliche Milch (z. B. Reismilch, Hafermilch, Sojamilch, &#8230;)<br \/>\n1\/2 Tasse Wasser<br \/>\n1 TL Zimt<br \/>\n2 EL Rohrzucker<br \/>\nEtwas Obst, N\u00fcsse, Rosinen, &#8230; was ihr gerade da habt und m\u00f6gt :)<\/p>\n<p>Einfacher geht es fast nicht: Ihr mischt die Haferflocken, die Milch und das Wasser mit dem Zimt und kocht die Zutaten bis die Masse eine festere Konsistenz hat. Nun f\u00fcgt ihr noch 2 EL Rohrzucker hinzu und N\u00fcsse, Obst, Rosinen oder was ihr so m\u00f6gt. Ich habe auf meinem Bild Weintrauben, Apfelst\u00fccke und Erdn\u00fcsse verwendet :)<\/p>\n<p><a class=\"boxer\" href=\"http:\/\/www.bindannmalveg.de\/blog\/wp-content\/uploads\/2014\/10\/Porridge1.jpg\"><img decoding=\"async\" loading=\"lazy\" class=\"aligncenter wp-image-414\" src=\"http:\/\/www.bindannmalveg.de\/blog\/wp-content\/uploads\/2014\/10\/Porridge1-1224x917.jpg\" alt=\"Porridge\" width=\"450\" height=\"338\" srcset=\"https:\/\/www.bindannmalveg.de\/blog\/wp-content\/uploads\/2014\/10\/Porridge1-1224x917.jpg 1224w, https:\/\/www.bindannmalveg.de\/blog\/wp-content\/uploads\/2014\/10\/Porridge1-150x112.jpg 150w, https:\/\/www.bindannmalveg.de\/blog\/wp-content\/uploads\/2014\/10\/Porridge1-300x225.jpg 300w, https:\/\/www.bindannmalveg.de\/blog\/wp-content\/uploads\/2014\/10\/Porridge1.jpg 1920w\" sizes=\"(max-width: 450px) 100vw, 450px\" \/><\/a><\/p>\n","protected":false},"excerpt":{"rendered":"<p>Eigentlich mag ich ja alles breiartige, was man nicht mehr kauen muss, nicht wirklich. Immerhin bin ich noch jung und f\u00e4hig zu kauen ;) Daher hat es mich echt \u00fcberrascht, dass ich mich f\u00fcr Porridge begeistern kann! Okay, zugegeben, bei mir werden kernige Haferflocken benutzt und das Ganze wird nicht zu lange gekocht, damit es&nbsp;&hellip;<\/p>\n","protected":false},"author":1,"featured_media":416,"comment_status":"open","ping_status":"open","sticky":false,"template":"","format":"standard","meta":[],"categories":[34,117],"tags":[19,35,184,24,8,113,18,114,45],"_links":{"self":[{"href":"https:\/\/www.bindannmalveg.de\/blog\/wp-json\/wp\/v2\/posts\/22"}],"collection":[{"href":"https:\/\/www.bindannmalveg.de\/blog\/wp-json\/wp\/v2\/posts"}],"about":[{"href":"https:\/\/www.bindannmalveg.de\/blog\/wp-json\/wp\/v2\/types\/post"}],"author":[{"embeddable":true,"href":"https:\/\/www.bindannmalveg.de\/blog\/wp-json\/wp\/v2\/users\/1"}],"replies":[{"embeddable":true,"href":"https:\/\/www.bindannmalveg.de\/blog\/wp-json\/wp\/v2\/comments?post=22"}],"version-history":[{"count":3,"href":"https:\/\/www.bindannmalveg.de\/blog\/wp-json\/wp\/v2\/posts\/22\/revisions"}],"predecessor-version":[{"id":413,"href":"https:\/\/www.bindannmalveg.de\/blog\/wp-json\/wp\/v2\/posts\/22\/revisions\/413"}],"wp:featuredmedia":[{"embeddable":true,"href":"https:\/\/www.bindannmalveg.de\/blog\/wp-json\/wp\/v2\/media\/416"}],"wp:attachment":[{"href":"https:\/\/www.bindannmalveg.de\/blog\/wp-json\/wp\/v2\/media?parent=22"}],"wp:term":[{"taxonomy":"category","embeddable":true,"href":"https:\/\/www.bindannmalveg.de\/blog\/wp-json\/wp\/v2\/categories?post=22"},{"taxonomy":"post_tag","embeddable":true,"href":"https:\/\/www.bindannmalveg.de\/blog\/wp-json\/wp\/v2\/tags?post=22"}],"curies":[{"name":"wp","href":"https:\/\/api.w.org\/{rel}","templated":true}]}}