{"id":59,"date":"2014-06-10T11:38:00","date_gmt":"2014-06-10T09:38:00","guid":{"rendered":"http:\/\/www.bindannmalveg.de\/blog\/5-minuten-beereneis-ohne-eismaschine\/"},"modified":"2014-10-30T16:40:30","modified_gmt":"2014-10-30T13:40:30","slug":"5-minuten-beereneis-ohne-eismaschine","status":"publish","type":"post","link":"https:\/\/www.bindannmalveg.de\/blog\/5-minuten-beereneis-ohne-eismaschine\/","title":{"rendered":"5-Minuten-Beereneis ohne Eismaschine"},"content":{"rendered":"<p>In meiner Dachwohnung ist die 30-Grad-Marke schon geknackt. Da muss dringend Abk\u00fchlung her! Deswegen gibt es kurz was ganz schnelles, aber trotzdem unglaublich leckeres: Beereneis.<\/p>\n<div>\n<div>\u00a0 \u00a0 \u00a0 Was braucht ihr?<\/div>\n<div>\n<ul>\n<li>Tiefk\u00fchlbeeren oder Tiefk\u00fchlhimbeeren<\/li>\n<li>Wasser oder pflanzliche Milch<\/li>\n<li>evtl. etwas zum S\u00fc\u00dfen z. B. Agavendicksaft<\/li>\n<li>einen P\u00fcrierstab<\/li>\n<\/ul>\n<div>Jetzt einfach die Tiefk\u00fchlbeeren (noch gefroren) in ein hohes Gef\u00e4\u00df (z. B. Me\u00dfbecher) geben. Dazu gebt ihr ein bisschen Wasser und auch pflanzliche Milch. Gut schmeckt auch Kokosmilch, da ihr dann nachher ein Beeren-Kokos-Eis oder Himbeer-Kokos-Eis habt. Wer m\u00f6chte kann es nun noch etwas s\u00fc\u00dfen. Jetzt p\u00fcriert ihr das Beeren-Wasser-Gemisch einfach mit einem P\u00fcrierstab. Etwas Geduld haben und wenn es noch nicht so gut klappt, einfach noch ein bisschen Fl\u00fcssigkeit dazugeben. Und dann nat\u00fcrlich sofort essen :)<\/div>\n<\/div>\n<\/div>\n<p><!--more--><\/p>\n<div><\/div>\n<div>Bei mir gab es dazu noch die Leha-Spr\u00fchsahne (findet ihr z. B. im Kaufland). Perfekt f\u00fcr einen hei\u00dfen Sommertag!<\/div>\n<div><\/div>\n<div style=\"clear: both; text-align: center;\"><a style=\"margin-left: 1em; margin-right: 1em;\" href=\"http:\/\/www.bindannmalveg.de\/blog\/wp-content\/uploads\/2014\/06\/Beereneis.jpg\"><img decoding=\"async\" loading=\"lazy\" src=\"http:\/\/www.bindannmalveg.de\/blog\/wp-content\/uploads\/2014\/06\/Beereneis.jpg\" alt=\"\" width=\"300\" height=\"400\" border=\"0\" \/><\/a><\/div>\n","protected":false},"excerpt":{"rendered":"<p>In meiner Dachwohnung ist die 30-Grad-Marke schon geknackt. Da muss dringend Abk\u00fchlung her! Deswegen gibt es kurz was ganz schnelles, aber trotzdem unglaublich leckeres: Beereneis. \u00a0 \u00a0 \u00a0 Was braucht ihr? Tiefk\u00fchlbeeren oder Tiefk\u00fchlhimbeeren Wasser oder pflanzliche Milch evtl. etwas zum S\u00fc\u00dfen z. B. Agavendicksaft einen P\u00fcrierstab Jetzt einfach die Tiefk\u00fchlbeeren (noch gefroren) in ein&nbsp;&hellip;<\/p>\n","protected":false},"author":1,"featured_media":150,"comment_status":"open","ping_status":"open","sticky":false,"template":"","format":"standard","meta":[],"categories":[22],"tags":[19,132,27,49,26,113,18,114],"_links":{"self":[{"href":"https:\/\/www.bindannmalveg.de\/blog\/wp-json\/wp\/v2\/posts\/59"}],"collection":[{"href":"https:\/\/www.bindannmalveg.de\/blog\/wp-json\/wp\/v2\/posts"}],"about":[{"href":"https:\/\/www.bindannmalveg.de\/blog\/wp-json\/wp\/v2\/types\/post"}],"author":[{"embeddable":true,"href":"https:\/\/www.bindannmalveg.de\/blog\/wp-json\/wp\/v2\/users\/1"}],"replies":[{"embeddable":true,"href":"https:\/\/www.bindannmalveg.de\/blog\/wp-json\/wp\/v2\/comments?post=59"}],"version-history":[{"count":2,"href":"https:\/\/www.bindannmalveg.de\/blog\/wp-json\/wp\/v2\/posts\/59\/revisions"}],"predecessor-version":[{"id":475,"href":"https:\/\/www.bindannmalveg.de\/blog\/wp-json\/wp\/v2\/posts\/59\/revisions\/475"}],"wp:featuredmedia":[{"embeddable":true,"href":"https:\/\/www.bindannmalveg.de\/blog\/wp-json\/wp\/v2\/media\/150"}],"wp:attachment":[{"href":"https:\/\/www.bindannmalveg.de\/blog\/wp-json\/wp\/v2\/media?parent=59"}],"wp:term":[{"taxonomy":"category","embeddable":true,"href":"https:\/\/www.bindannmalveg.de\/blog\/wp-json\/wp\/v2\/categories?post=59"},{"taxonomy":"post_tag","embeddable":true,"href":"https:\/\/www.bindannmalveg.de\/blog\/wp-json\/wp\/v2\/tags?post=59"}],"curies":[{"name":"wp","href":"https:\/\/api.w.org\/{rel}","templated":true}]}}