{"id":60,"date":"2014-06-09T23:59:00","date_gmt":"2014-06-09T21:59:00","guid":{"rendered":"http:\/\/www.bindannmalveg.de\/blog\/immer-eine-reise-wert-der-vegan-street-day\/"},"modified":"2014-11-11T11:27:40","modified_gmt":"2014-11-11T08:27:40","slug":"vegan-street-day-stuttgart","status":"publish","type":"post","link":"https:\/\/www.bindannmalveg.de\/blog\/vegan-street-day-stuttgart\/","title":{"rendered":"Immer eine Reise wert: Der Vegan Street Day"},"content":{"rendered":"<p>Okay, die \u00dcberschrift klingt, als w\u00e4re ich regelm\u00e4\u00dfig auf dem Vegan Street Day (VSD). Um ehrlich zu sein, war ich gestern das erste Mal beim VSD, da ich davor im Jahr im Urlaub war und davor wiederum noch gar nicht vegan und auch nichts vom VSD gewusst habe. Aber umso mehr habe ich mich gefreut, dieses Jahr hingehen zu k\u00f6nnen.<\/p>\n<p>Aber langsam, langsam. F\u00fcr die, die es nicht kennen: Der Vegan Street Day ist das gr\u00f6\u00dfte vegane Stra\u00dfenfest Deutschlands und findet jedes Jahr in Stuttgart (gestern) und in <a title=\"Auf zu Deutschlands gr\u00f6\u00dftem veganen Stra\u00dfenfest: Vegan Street Day Dortmund\" href=\"http:\/\/www.bindannmalveg.de\/blog\/vegan-street-day-dortmund\/\" target=\"_blank\">Dortmund (dieses Jahr am 9. August)<\/a> statt. In Stuttgart gab es \u00fcber 100 St\u00e4nde, die nicht nur allerlei Leckereien angeboten haben, sondern beispielsweise auch T-Shirts, B\u00fccher und allerlei Informationen zum Thema Tierrecht und Tierschutz. Au\u00dferdem erwarten euch Vortr\u00e4ge, Kochshows, Musik und gute Laune!<\/p>\n<p>Es war unglaublich gutes Wetter: strahlender Sonnenschein! Allerdings war es mir sogar schon wieder ein wenig zu warm (34 Grad sind wirklich hei\u00df), ich vertrage generell eher K\u00e4lte statt Hitze. Aber daf\u00fcr habe ich es echt ziemlich lange auf dem VSD ausgehalten! K\u00f6nnte nat\u00fcrlich auch daran liegen, dass es unglaublich leckeres Eis gab! Ich hab schon soooooooo lange kein Pistazieneis mehr gegessen und ich liebe das total :) Und das Mandeleis war auch nicht schlecht!<\/p>\n<p>Au\u00dferdem hie\u00df es viel trinken bei dem Wetter. Und ich habe mal meinen ersten (zumindest zum Teil) gr\u00fcnen Smoothie probiert. Und ich muss sagen, dass schmeckt (ehrlich gesagt wider erwarten) echt ganz gut :)<!--more--><\/p>\n<div style=\"clear: both; text-align: center;\"><a style=\"margin-left: 1em; margin-right: 1em;\" href=\"http:\/\/www.bindannmalveg.de\/blog\/wp-content\/uploads\/2014\/06\/Smoothie.jpg\"><img decoding=\"async\" loading=\"lazy\" src=\"http:\/\/www.bindannmalveg.de\/blog\/wp-content\/uploads\/2014\/06\/Smoothie.jpg\" alt=\"\" width=\"320\" height=\"240\" border=\"0\" \/><\/a><\/div>\n<p>Das B\u00fchnenprogramm wurde vom symphatischen Veganer Patrik Baboumian, dem st\u00e4rksten Mann Deutschlands, und Caro moderiert. Das Programm war wirklich interessant gestaltet und zum Gl\u00fcck waren nebenan viele Treppenstufen im Schatten.<\/p>\n<div style=\"clear: both; text-align: center;\"><a style=\"margin-left: 1em; margin-right: 1em;\" href=\"http:\/\/www.bindannmalveg.de\/blog\/wp-content\/uploads\/2014\/06\/Moderation.jpg\"><img decoding=\"async\" loading=\"lazy\" src=\"http:\/\/www.bindannmalveg.de\/blog\/wp-content\/uploads\/2014\/06\/Moderation.jpg\" alt=\"\" width=\"240\" height=\"320\" border=\"0\" \/><\/a><\/div>\n<table style=\"margin-left: auto; margin-right: auto; text-align: center;\" cellspacing=\"0\" cellpadding=\"0\" align=\"center\">\n<tbody>\n<tr>\n<td style=\"text-align: center;\"><a style=\"margin-left: auto; margin-right: auto;\" href=\"http:\/\/www.bindannmalveg.de\/blog\/wp-content\/uploads\/2014\/06\/Verquert.jpg\"><img decoding=\"async\" loading=\"lazy\" src=\"http:\/\/www.bindannmalveg.de\/blog\/wp-content\/uploads\/2014\/06\/Verquert.jpg\" alt=\"\" width=\"400\" height=\"300\" border=\"0\" \/><\/a><\/td>\n<\/tr>\n<tr>\n<td style=\"text-align: center;\">Das Duo Verquert und Patrik Baboumian<\/td>\n<\/tr>\n<\/tbody>\n<\/table>\n<p>Eine Tombola gab es auch. Nur etwas unpraktisch, wenn man dort mitmacht, sogar was gewinnt und was: Schokolade. Und zuhause gewesen bin ich erst ca. 6 Stunden sp\u00e4ter. Die Schoko ist etwas verformt, aber sie schmeckt noch. Und es kommt ja auf die inneren Werte an ;)<\/p>\n<p>Und dann gab es nat\u00fcrlich Essen, Essen und nochmal Essen! Und alles sah so toll aus, sodass man auf jeden Fall die Qual der Wahl hatte! Es wollte also wirklich f\u00fcr jeden was dabei gewesen sein. Entschieden habe ich mich schlussendlich f\u00fcr einen veganen D\u00f6ner und abends noch f\u00fcr eine Pan-Pizza vom <a href=\"http:\/\/www.coox-candy.de\/\" target=\"_blank\">Coox &amp; Candy<\/a> (einem veganen Restaurant in Stuttgart). Hat super geschmeckt!<\/p>\n<div style=\"clear: both; text-align: center;\"><a style=\"margin-left: 1em; margin-right: 1em;\" href=\"http:\/\/www.bindannmalveg.de\/blog\/wp-content\/uploads\/2014\/06\/Pizza.jpg\"><img decoding=\"async\" loading=\"lazy\" src=\"http:\/\/www.bindannmalveg.de\/blog\/wp-content\/uploads\/2014\/06\/Pizza.jpg\" alt=\"\" width=\"240\" height=\"320\" border=\"0\" \/><\/a><\/div>\n<div style=\"clear: both; text-align: center;\"><a style=\"margin-left: 1em; margin-right: 1em;\" href=\"http:\/\/www.bindannmalveg.de\/blog\/wp-content\/uploads\/2014\/06\/Indisches-Essen.jpg\"><img decoding=\"async\" loading=\"lazy\" src=\"http:\/\/www.bindannmalveg.de\/blog\/wp-content\/uploads\/2014\/06\/Indisches-Essen.jpg\" alt=\"\" width=\"400\" height=\"300\" border=\"0\" \/><\/a><\/div>\n<div style=\"clear: both; text-align: center;\"><a style=\"margin-left: 1em; margin-right: 1em;\" href=\"http:\/\/www.bindannmalveg.de\/blog\/wp-content\/uploads\/2014\/06\/Essen.jpg\"><img decoding=\"async\" loading=\"lazy\" src=\"http:\/\/www.bindannmalveg.de\/blog\/wp-content\/uploads\/2014\/06\/Essen.jpg\" alt=\"\" width=\"400\" height=\"131\" border=\"0\" \/><\/a><\/div>\n<p>Ein Vortrag von <a href=\"http:\/\/www.animalequality.de\/\" target=\"_blank\">Animal Equality<\/a>, den ich mir angeh\u00f6rt habe, war auch super und informativ.<\/p>\n<p>Insgesamt war es ein wundersch\u00f6ner Tag mit wunderbaren Personen! An dieser Stelle noch einmal Dankesch\u00f6n an die Organisatoren, Helfer, Aussteller, Moderatoren und einfach alle Beteiligten, die trotz dem wirklich hei\u00dfen Wetter einen super Job gemacht haben!<\/p>\n<p>Gefreut habe ich mich auch, dass es meiner nicht-veganen Freundin auch gut gefallen hat! Der Vegan Street Day ist also nicht nur f\u00fcr Veganer selbst, ein Besuch lohnt sich f\u00fcr alle!<\/p>\n","protected":false},"excerpt":{"rendered":"<p>Okay, die \u00dcberschrift klingt, als w\u00e4re ich regelm\u00e4\u00dfig auf dem Vegan Street Day (VSD). Um ehrlich zu sein, war ich gestern das erste Mal beim VSD, da ich davor im Jahr im Urlaub war und davor wiederum noch gar nicht vegan und auch nichts vom VSD gewusst habe. Aber umso mehr habe ich mich gefreut,&nbsp;&hellip;<\/p>\n","protected":false},"author":1,"featured_media":151,"comment_status":"open","ping_status":"open","sticky":false,"template":"","format":"standard","meta":[],"categories":[126],"tags":[52,75,127,68],"_links":{"self":[{"href":"https:\/\/www.bindannmalveg.de\/blog\/wp-json\/wp\/v2\/posts\/60"}],"collection":[{"href":"https:\/\/www.bindannmalveg.de\/blog\/wp-json\/wp\/v2\/posts"}],"about":[{"href":"https:\/\/www.bindannmalveg.de\/blog\/wp-json\/wp\/v2\/types\/post"}],"author":[{"embeddable":true,"href":"https:\/\/www.bindannmalveg.de\/blog\/wp-json\/wp\/v2\/users\/1"}],"replies":[{"embeddable":true,"href":"https:\/\/www.bindannmalveg.de\/blog\/wp-json\/wp\/v2\/comments?post=60"}],"version-history":[{"count":3,"href":"https:\/\/www.bindannmalveg.de\/blog\/wp-json\/wp\/v2\/posts\/60\/revisions"}],"predecessor-version":[{"id":788,"href":"https:\/\/www.bindannmalveg.de\/blog\/wp-json\/wp\/v2\/posts\/60\/revisions\/788"}],"wp:featuredmedia":[{"embeddable":true,"href":"https:\/\/www.bindannmalveg.de\/blog\/wp-json\/wp\/v2\/media\/151"}],"wp:attachment":[{"href":"https:\/\/www.bindannmalveg.de\/blog\/wp-json\/wp\/v2\/media?parent=60"}],"wp:term":[{"taxonomy":"category","embeddable":true,"href":"https:\/\/www.bindannmalveg.de\/blog\/wp-json\/wp\/v2\/categories?post=60"},{"taxonomy":"post_tag","embeddable":true,"href":"https:\/\/www.bindannmalveg.de\/blog\/wp-json\/wp\/v2\/tags?post=60"}],"curies":[{"name":"wp","href":"https:\/\/api.w.org\/{rel}","templated":true}]}}